{"id":180,"date":"2017-09-19T15:01:21","date_gmt":"2017-09-19T13:01:21","guid":{"rendered":"http:\/\/magotarm.se\/vasterbottens-lansforening\/?p=180"},"modified":"2017-09-19T15:01:21","modified_gmt":"2017-09-19T13:01:21","slug":"valkommen-till-2017s-kreativa-studiecirkel","status":"publish","type":"post","link":"https:\/\/magotarm.se\/vasterbottens-lansforening\/2017\/09\/valkommen-till-2017s-kreativa-studiecirkel\/","title":{"rendered":"V\u00c4LKOMMEN TILL 2017s KREATIVA STUDIECIRKEL"},"content":{"rendered":"<p>Mer information om v\u00e5ra events hittar du <a href=\"http:\/\/magotarm.se\/vasterbottens-lansforening\/wp-content\/uploads\/sites\/23\/2016\/02\/V\u00e4lkommen-till-2017Kreativa-studiecirkeln.pdf\">h\u00e4r<\/a>.<\/p>\n","protected":false},"excerpt":{"rendered":"<p>Mer information om v\u00e5ra events hittar du h\u00e4r.<\/p>\n","protected":false},"author":3,"featured_media":0,"comment_status":"open","ping_status":"open","sticky":false,"template":"","format":"standard","meta":{"_acf_changed":false,"footnotes":"","_links_to":"","_links_to_target":""},"categories":[1],"tags":[],"class_list":["post-180","post","type-post","status-publish","format-standard","hentry","category-okategoriserade","wp-sticky"],"acf":[],"yoast_head":"<!-- This site is optimized with the Yoast SEO plugin v27.5 - https:\/\/yoast.com\/product\/yoast-seo-wordpress\/ -->\n<title>V\u00c4LKOMMEN TILL 2017s KREATIVA STUDIECIRKEL - Mag- och tarmf\u00f6reningen i V\u00e4sterbotten<\/title>\n<meta name=\"robots\" content=\"index, follow, max-snippet:-1, max-image-preview:large, max-video-preview:-1\" \/>\n<link rel=\"canonical\" href=\"https:\/\/magotarm.se\/vasterbottens-lansforening\/2017\/09\/valkommen-till-2017s-kreativa-studiecirkel\/\" \/>\n<meta property=\"og:locale\" content=\"sv_SE\" \/>\n<meta property=\"og:type\" content=\"article\" \/>\n<meta property=\"og:title\" content=\"V\u00c4LKOMMEN TILL 2017s KREATIVA STUDIECIRKEL - Mag- och tarmf\u00f6reningen i V\u00e4sterbotten\" \/>\n<meta property=\"og:description\" content=\"Mer information om v\u00e5ra events hittar du h\u00e4r.\" \/>\n<meta property=\"og:url\" content=\"https:\/\/magotarm.se\/vasterbottens-lansforening\/2017\/09\/valkommen-till-2017s-kreativa-studiecirkel\/\" \/>\n<meta property=\"og:site_name\" content=\"Mag- och tarmf\u00f6reningen i V\u00e4sterbotten\" \/>\n<meta property=\"article:published_time\" content=\"2017-09-19T13:01:21+00:00\" \/>\n<meta name=\"author\" content=\"linn\" \/>\n<meta name=\"twitter:card\" content=\"summary_large_image\" \/>\n<meta name=\"twitter:label1\" content=\"Skriven av\" \/>\n\t<meta name=\"twitter:data1\" content=\"linn\" \/>\n<script type=\"application\/ld+json\" class=\"yoast-schema-graph\">{\"@context\":\"https:\\\/\\\/schema.org\",\"@graph\":[{\"@type\":\"Article\",\"@id\":\"https:\\\/\\\/magotarm.se\\\/vasterbottens-lansforening\\\/2017\\\/09\\\/valkommen-till-2017s-kreativa-studiecirkel\\\/#article\",\"isPartOf\":{\"@id\":\"https:\\\/\\\/magotarm.se\\\/vasterbottens-lansforening\\\/2017\\\/09\\\/valkommen-till-2017s-kreativa-studiecirkel\\\/\"},\"author\":{\"name\":\"linn\",\"@id\":\"https:\\\/\\\/magotarm.se\\\/vasterbottens-lansforening\\\/#\\\/schema\\\/person\\\/b4879773ed2073e1c491f0d331f61ead\"},\"headline\":\"V\u00c4LKOMMEN TILL 2017s KREATIVA STUDIECIRKEL\",\"datePublished\":\"2017-09-19T13:01:21+00:00\",\"mainEntityOfPage\":{\"@id\":\"https:\\\/\\\/magotarm.se\\\/vasterbottens-lansforening\\\/2017\\\/09\\\/valkommen-till-2017s-kreativa-studiecirkel\\\/\"},\"wordCount\":16,\"commentCount\":0,\"inLanguage\":\"sv-SE\",\"potentialAction\":[{\"@type\":\"CommentAction\",\"name\":\"Comment\",\"target\":[\"https:\\\/\\\/magotarm.se\\\/vasterbottens-lansforening\\\/2017\\\/09\\\/valkommen-till-2017s-kreativa-studiecirkel\\\/#respond\"]}]},{\"@type\":\"WebPage\",\"@id\":\"https:\\\/\\\/magotarm.se\\\/vasterbottens-lansforening\\\/2017\\\/09\\\/valkommen-till-2017s-kreativa-studiecirkel\\\/\",\"url\":\"https:\\\/\\\/magotarm.se\\\/vasterbottens-lansforening\\\/2017\\\/09\\\/valkommen-till-2017s-kreativa-studiecirkel\\\/\",\"name\":\"V\u00c4LKOMMEN TILL 2017s KREATIVA STUDIECIRKEL - Mag- och tarmf\u00f6reningen i V\u00e4sterbotten\",\"isPartOf\":{\"@id\":\"https:\\\/\\\/magotarm.se\\\/vasterbottens-lansforening\\\/#website\"},\"datePublished\":\"2017-09-19T13:01:21+00:00\",\"author\":{\"@id\":\"https:\\\/\\\/magotarm.se\\\/vasterbottens-lansforening\\\/#\\\/schema\\\/person\\\/b4879773ed2073e1c491f0d331f61ead\"},\"breadcrumb\":{\"@id\":\"https:\\\/\\\/magotarm.se\\\/vasterbottens-lansforening\\\/2017\\\/09\\\/valkommen-till-2017s-kreativa-studiecirkel\\\/#breadcrumb\"},\"inLanguage\":\"sv-SE\",\"potentialAction\":[{\"@type\":\"ReadAction\",\"target\":[\"https:\\\/\\\/magotarm.se\\\/vasterbottens-lansforening\\\/2017\\\/09\\\/valkommen-till-2017s-kreativa-studiecirkel\\\/\"]}]},{\"@type\":\"BreadcrumbList\",\"@id\":\"https:\\\/\\\/magotarm.se\\\/vasterbottens-lansforening\\\/2017\\\/09\\\/valkommen-till-2017s-kreativa-studiecirkel\\\/#breadcrumb\",\"itemListElement\":[{\"@type\":\"ListItem\",\"position\":1,\"name\":\"Hem\",\"item\":\"https:\\\/\\\/magotarm.se\\\/vasterbottens-lansforening\\\/\"},{\"@type\":\"ListItem\",\"position\":2,\"name\":\"V\u00c4LKOMMEN TILL 2017s KREATIVA STUDIECIRKEL\"}]},{\"@type\":\"WebSite\",\"@id\":\"https:\\\/\\\/magotarm.se\\\/vasterbottens-lansforening\\\/#website\",\"url\":\"https:\\\/\\\/magotarm.se\\\/vasterbottens-lansforening\\\/\",\"name\":\"Mag- och tarmf\u00f6reningen i V\u00e4sterbotten\",\"description\":\"En till Mag- och tarmf\u00f6rbundets Webbplatser webbplats\",\"potentialAction\":[{\"@type\":\"SearchAction\",\"target\":{\"@type\":\"EntryPoint\",\"urlTemplate\":\"https:\\\/\\\/magotarm.se\\\/vasterbottens-lansforening\\\/?s={search_term_string}\"},\"query-input\":{\"@type\":\"PropertyValueSpecification\",\"valueRequired\":true,\"valueName\":\"search_term_string\"}}],\"inLanguage\":\"sv-SE\"},{\"@type\":\"Person\",\"@id\":\"https:\\\/\\\/magotarm.se\\\/vasterbottens-lansforening\\\/#\\\/schema\\\/person\\\/b4879773ed2073e1c491f0d331f61ead\",\"name\":\"linn\",\"image\":{\"@type\":\"ImageObject\",\"inLanguage\":\"sv-SE\",\"@id\":\"https:\\\/\\\/secure.gravatar.com\\\/avatar\\\/2f60c19af8e5dd981e761e26086a7e9ee26f66bd1a547d71a6b9aa5eba6d1833?s=96&d=mm&r=g\",\"url\":\"https:\\\/\\\/secure.gravatar.com\\\/avatar\\\/2f60c19af8e5dd981e761e26086a7e9ee26f66bd1a547d71a6b9aa5eba6d1833?s=96&d=mm&r=g\",\"contentUrl\":\"https:\\\/\\\/secure.gravatar.com\\\/avatar\\\/2f60c19af8e5dd981e761e26086a7e9ee26f66bd1a547d71a6b9aa5eba6d1833?s=96&d=mm&r=g\",\"caption\":\"linn\"},\"url\":\"https:\\\/\\\/magotarm.se\\\/vasterbottens-lansforening\\\/author\\\/linn\\\/\"}]}<\/script>\n<!-- \/ Yoast SEO plugin. -->","yoast_head_json":{"title":"V\u00c4LKOMMEN TILL 2017s KREATIVA STUDIECIRKEL - Mag- och tarmf\u00f6reningen i V\u00e4sterbotten","robots":{"index":"index","follow":"follow","max-snippet":"max-snippet:-1","max-image-preview":"max-image-preview:large","max-video-preview":"max-video-preview:-1"},"canonical":"https:\/\/magotarm.se\/vasterbottens-lansforening\/2017\/09\/valkommen-till-2017s-kreativa-studiecirkel\/","og_locale":"sv_SE","og_type":"article","og_title":"V\u00c4LKOMMEN TILL 2017s KREATIVA STUDIECIRKEL - Mag- och tarmf\u00f6reningen i V\u00e4sterbotten","og_description":"Mer information om v\u00e5ra events hittar du h\u00e4r.","og_url":"https:\/\/magotarm.se\/vasterbottens-lansforening\/2017\/09\/valkommen-till-2017s-kreativa-studiecirkel\/","og_site_name":"Mag- och tarmf\u00f6reningen i V\u00e4sterbotten","article_published_time":"2017-09-19T13:01:21+00:00","author":"linn","twitter_card":"summary_large_image","twitter_misc":{"Skriven av":"linn"},"schema":{"@context":"https:\/\/schema.org","@graph":[{"@type":"Article","@id":"https:\/\/magotarm.se\/vasterbottens-lansforening\/2017\/09\/valkommen-till-2017s-kreativa-studiecirkel\/#article","isPartOf":{"@id":"https:\/\/magotarm.se\/vasterbottens-lansforening\/2017\/09\/valkommen-till-2017s-kreativa-studiecirkel\/"},"author":{"name":"linn","@id":"https:\/\/magotarm.se\/vasterbottens-lansforening\/#\/schema\/person\/b4879773ed2073e1c491f0d331f61ead"},"headline":"V\u00c4LKOMMEN TILL 2017s KREATIVA STUDIECIRKEL","datePublished":"2017-09-19T13:01:21+00:00","mainEntityOfPage":{"@id":"https:\/\/magotarm.se\/vasterbottens-lansforening\/2017\/09\/valkommen-till-2017s-kreativa-studiecirkel\/"},"wordCount":16,"commentCount":0,"inLanguage":"sv-SE","potentialAction":[{"@type":"CommentAction","name":"Comment","target":["https:\/\/magotarm.se\/vasterbottens-lansforening\/2017\/09\/valkommen-till-2017s-kreativa-studiecirkel\/#respond"]}]},{"@type":"WebPage","@id":"https:\/\/magotarm.se\/vasterbottens-lansforening\/2017\/09\/valkommen-till-2017s-kreativa-studiecirkel\/","url":"https:\/\/magotarm.se\/vasterbottens-lansforening\/2017\/09\/valkommen-till-2017s-kreativa-studiecirkel\/","name":"V\u00c4LKOMMEN TILL 2017s KREATIVA STUDIECIRKEL - Mag- och tarmf\u00f6reningen i V\u00e4sterbotten","isPartOf":{"@id":"https:\/\/magotarm.se\/vasterbottens-lansforening\/#website"},"datePublished":"2017-09-19T13:01:21+00:00","author":{"@id":"https:\/\/magotarm.se\/vasterbottens-lansforening\/#\/schema\/person\/b4879773ed2073e1c491f0d331f61ead"},"breadcrumb":{"@id":"https:\/\/magotarm.se\/vasterbottens-lansforening\/2017\/09\/valkommen-till-2017s-kreativa-studiecirkel\/#breadcrumb"},"inLanguage":"sv-SE","potentialAction":[{"@type":"ReadAction","target":["https:\/\/magotarm.se\/vasterbottens-lansforening\/2017\/09\/valkommen-till-2017s-kreativa-studiecirkel\/"]}]},{"@type":"BreadcrumbList","@id":"https:\/\/magotarm.se\/vasterbottens-lansforening\/2017\/09\/valkommen-till-2017s-kreativa-studiecirkel\/#breadcrumb","itemListElement":[{"@type":"ListItem","position":1,"name":"Hem","item":"https:\/\/magotarm.se\/vasterbottens-lansforening\/"},{"@type":"ListItem","position":2,"name":"V\u00c4LKOMMEN TILL 2017s KREATIVA STUDIECIRKEL"}]},{"@type":"WebSite","@id":"https:\/\/magotarm.se\/vasterbottens-lansforening\/#website","url":"https:\/\/magotarm.se\/vasterbottens-lansforening\/","name":"Mag- och tarmf\u00f6reningen i V\u00e4sterbotten","description":"En till Mag- och tarmf\u00f6rbundets Webbplatser webbplats","potentialAction":[{"@type":"SearchAction","target":{"@type":"EntryPoint","urlTemplate":"https:\/\/magotarm.se\/vasterbottens-lansforening\/?s={search_term_string}"},"query-input":{"@type":"PropertyValueSpecification","valueRequired":true,"valueName":"search_term_string"}}],"inLanguage":"sv-SE"},{"@type":"Person","@id":"https:\/\/magotarm.se\/vasterbottens-lansforening\/#\/schema\/person\/b4879773ed2073e1c491f0d331f61ead","name":"linn","image":{"@type":"ImageObject","inLanguage":"sv-SE","@id":"https:\/\/secure.gravatar.com\/avatar\/2f60c19af8e5dd981e761e26086a7e9ee26f66bd1a547d71a6b9aa5eba6d1833?s=96&d=mm&r=g","url":"https:\/\/secure.gravatar.com\/avatar\/2f60c19af8e5dd981e761e26086a7e9ee26f66bd1a547d71a6b9aa5eba6d1833?s=96&d=mm&r=g","contentUrl":"https:\/\/secure.gravatar.com\/avatar\/2f60c19af8e5dd981e761e26086a7e9ee26f66bd1a547d71a6b9aa5eba6d1833?s=96&d=mm&r=g","caption":"linn"},"url":"https:\/\/magotarm.se\/vasterbottens-lansforening\/author\/linn\/"}]}},"_links":{"self":[{"href":"https:\/\/magotarm.se\/vasterbottens-lansforening\/wp-json\/wp\/v2\/posts\/180","targetHints":{"allow":["GET"]}}],"collection":[{"href":"https:\/\/magotarm.se\/vasterbottens-lansforening\/wp-json\/wp\/v2\/posts"}],"about":[{"href":"https:\/\/magotarm.se\/vasterbottens-lansforening\/wp-json\/wp\/v2\/types\/post"}],"author":[{"embeddable":true,"href":"https:\/\/magotarm.se\/vasterbottens-lansforening\/wp-json\/wp\/v2\/users\/3"}],"replies":[{"embeddable":true,"href":"https:\/\/magotarm.se\/vasterbottens-lansforening\/wp-json\/wp\/v2\/comments?post=180"}],"version-history":[{"count":2,"href":"https:\/\/magotarm.se\/vasterbottens-lansforening\/wp-json\/wp\/v2\/posts\/180\/revisions"}],"predecessor-version":[{"id":184,"href":"https:\/\/magotarm.se\/vasterbottens-lansforening\/wp-json\/wp\/v2\/posts\/180\/revisions\/184"}],"wp:attachment":[{"href":"https:\/\/magotarm.se\/vasterbottens-lansforening\/wp-json\/wp\/v2\/media?parent=180"}],"wp:term":[{"taxonomy":"category","embeddable":true,"href":"https:\/\/magotarm.se\/vasterbottens-lansforening\/wp-json\/wp\/v2\/categories?post=180"},{"taxonomy":"post_tag","embeddable":true,"href":"https:\/\/magotarm.se\/vasterbottens-lansforening\/wp-json\/wp\/v2\/tags?post=180"}],"curies":[{"name":"wp","href":"https:\/\/api.w.org\/{rel}","templated":true}]}}