{"id":478,"date":"2016-09-12T17:38:21","date_gmt":"2016-09-12T15:38:21","guid":{"rendered":"http:\/\/magotarm.se\/unga-magar\/?p=478"},"modified":"2016-09-12T17:47:59","modified_gmt":"2016-09-12T15:47:59","slug":"tarmproblem-kan-skapa-depression-och-tvartom","status":"publish","type":"post","link":"https:\/\/magotarm.se\/unga-magar\/2016\/09\/12\/tarmproblem-kan-skapa-depression-och-tvartom\/","title":{"rendered":"Tarmproblem kan skapa depression &#8211; och tv\u00e4rtom"},"content":{"rendered":"<p>Hej p\u00e5 er alla magkrigare!<\/p>\n<p>Idag vill vi uppm\u00e4rksamma en artikel fr\u00e5n Svenska Dagbladet i somras, som handlade om en mycket intressant studie. H\u00e4r har vi f\u00f6rs\u00f6kt sammanfatta den lite till er \ud83d\ude42<\/p>\n<p>I mitten av juli i \u00e5r presenterades n\u00e4mligen resultatet av en australiensk studie som visade att kopplingen mellan mag- och tarmproblematik och psykisk oh\u00e4lsa \u00e4r dubbelriktad. <strong>Det \u00e4r sedan tidigare k\u00e4nt att psykisk oh\u00e4lsa kan orsakas av IBS (irritable bowel syndrome) och Funktionell dyspepsi, men forskare har nu funnit en tv\u00e5v\u00e4gskoppling mellan hj\u00e4rna och tarm.<\/strong><\/p>\n<p>Studien p\u00e5gick under en tidsperiod av ett \u00e5r och omfattade totalt 1900 deltagande. I tv\u00e5 av tre fall initierade besv\u00e4ren i mag- och tarmkanalen, och f\u00f6ljdes d\u00e4refter av psykisk oh\u00e4lsa. I en tredjedel av fallen indikerade besv\u00e4ren tv\u00e4rtom. Deltagande som fr\u00e5n b\u00f6rjan led av psykisk oh\u00e4lsa l\u00f6pte st\u00f6rre risk f\u00f6r IBS med hela 30 procent.<\/p>\n<p class=\"dra-in-hela-stycket\">Forskarna anar att tarmens n\u00f6dv\u00e4ndiga bakterier, mikrobiomet, spelar en stor roll i utvecklingen av IBS. Bakterien kan skadas vid antibiotikakurer, men \u00e4ven kroniska infektioner, som orsakats av skadliga bakterier och d\u00e4rmed skapas en obalans i mag- och tarmkanalen.<\/p>\n<p class=\"dra-in-hela-stycket\">Catharina Lavebratt, docent vid Karolinska Institutet, anser att studien har givit ett mycket intressant resultat och vill betona att det blir allt viktigare med ett helhetsperspektiv.<\/p>\n<p class=\"dra-in-hela-stycket\">&#8221;Det h\u00e4r \u00e4r en intressant studie. Normalt har man oftast t\u00e4nkt sig att problemen f\u00f6rst uppst\u00e5r i magen, men den h\u00e4r studien visar att kopplingen \u00e4r dubbelriktad&#8221; s\u00e4ger hon i artikeln.<\/p>\n<p class=\"dra-in-hela-stycket\">Kunskapen kring magen och hj\u00e4rnan v\u00e4xer, och forskare menar att detta \u00e4r ett genombrott i f\u00f6rst\u00e5elsen om IBS!<\/p>\n<p class=\"dra-in-hela-stycket\"><a href=\"http:\/\/www.svd.se\/ny-studie-tarmproblem-kan-orsaka-depression\/om\/sverige\">H\u00e4r kan du l\u00e4sa hela artikeln<\/a><\/p>\n<p class=\"dra-in-hela-stycket\"><em>\/Anna, Unga Magar styrgrupp<\/em><\/p>\n","protected":false},"excerpt":{"rendered":"<p>Hej p\u00e5 er alla magkrigare! Idag vill vi uppm\u00e4rksamma en artikel fr\u00e5n Svenska Dagbladet i somras, som handlade om &#8230;<\/p>\n","protected":false},"author":35,"featured_media":480,"comment_status":"open","ping_status":"open","sticky":false,"template":"","format":"standard","meta":{"_acf_changed":false,"footnotes":"","_links_to":"","_links_to_target":""},"categories":[5,21],"tags":[47,56,27,78,79],"class_list":["post-478","post","type-post","status-publish","format-standard","has-post-thumbnail","hentry","category-nyheter","category-psykisk-halsa","tag-dyspepsi","tag-ibs","tag-pratamage","tag-psyket","tag-psykisk-ohalsa","wp-sticky"],"acf":[],"yoast_head":"<!-- This site is optimized with the Yoast SEO plugin v27.5 - https:\/\/yoast.com\/product\/yoast-seo-wordpress\/ -->\n<title>Tarmproblem kan skapa depression - och tv\u00e4rtom - Unga Magar<\/title>\n<meta name=\"robots\" content=\"index, follow, max-snippet:-1, max-image-preview:large, max-video-preview:-1\" \/>\n<link rel=\"canonical\" href=\"https:\/\/magotarm.se\/unga-magar\/2016\/09\/12\/tarmproblem-kan-skapa-depression-och-tvartom\/\" \/>\n<meta property=\"og:locale\" content=\"sv_SE\" \/>\n<meta property=\"og:type\" content=\"article\" \/>\n<meta property=\"og:title\" content=\"Tarmproblem kan skapa depression - och tv\u00e4rtom - Unga Magar\" \/>\n<meta property=\"og:description\" content=\"Hej p\u00e5 er alla magkrigare! Idag vill vi uppm\u00e4rksamma en artikel fr\u00e5n Svenska Dagbladet i somras, som handlade om ...\" \/>\n<meta property=\"og:url\" content=\"https:\/\/magotarm.se\/unga-magar\/2016\/09\/12\/tarmproblem-kan-skapa-depression-och-tvartom\/\" \/>\n<meta property=\"og:site_name\" content=\"Unga Magar\" \/>\n<meta property=\"article:published_time\" content=\"2016-09-12T15:38:21+00:00\" \/>\n<meta property=\"article:modified_time\" content=\"2016-09-12T15:47:59+00:00\" \/>\n<meta property=\"og:image\" content=\"https:\/\/magotarm.se\/unga-magar\/wp-content\/uploads\/sites\/30\/2016\/09\/unspecified.jpg\" \/>\n\t<meta property=\"og:image:width\" content=\"1280\" \/>\n\t<meta property=\"og:image:height\" content=\"854\" \/>\n\t<meta property=\"og:image:type\" content=\"image\/jpeg\" \/>\n<meta name=\"author\" content=\"ungamagar\" \/>\n<meta name=\"twitter:card\" content=\"summary_large_image\" \/>\n<meta name=\"twitter:label1\" content=\"Skriven av\" \/>\n\t<meta name=\"twitter:data1\" content=\"ungamagar\" \/>\n\t<meta name=\"twitter:label2\" content=\"Ber\u00e4knad l\u00e4stid\" \/>\n\t<meta name=\"twitter:data2\" content=\"2 minuter\" \/>\n<script type=\"application\/ld+json\" class=\"yoast-schema-graph\">{\"@context\":\"https:\\\/\\\/schema.org\",\"@graph\":[{\"@type\":\"Article\",\"@id\":\"https:\\\/\\\/magotarm.se\\\/unga-magar\\\/2016\\\/09\\\/12\\\/tarmproblem-kan-skapa-depression-och-tvartom\\\/#article\",\"isPartOf\":{\"@id\":\"https:\\\/\\\/magotarm.se\\\/unga-magar\\\/2016\\\/09\\\/12\\\/tarmproblem-kan-skapa-depression-och-tvartom\\\/\"},\"author\":{\"name\":\"ungamagar\",\"@id\":\"https:\\\/\\\/magotarm.se\\\/unga-magar\\\/#\\\/schema\\\/person\\\/1d6742f2ef262859a4105a5123a9e822\"},\"headline\":\"Tarmproblem kan skapa depression &#8211; och tv\u00e4rtom\",\"datePublished\":\"2016-09-12T15:38:21+00:00\",\"dateModified\":\"2016-09-12T15:47:59+00:00\",\"mainEntityOfPage\":{\"@id\":\"https:\\\/\\\/magotarm.se\\\/unga-magar\\\/2016\\\/09\\\/12\\\/tarmproblem-kan-skapa-depression-och-tvartom\\\/\"},\"wordCount\":311,\"commentCount\":0,\"image\":{\"@id\":\"https:\\\/\\\/magotarm.se\\\/unga-magar\\\/2016\\\/09\\\/12\\\/tarmproblem-kan-skapa-depression-och-tvartom\\\/#primaryimage\"},\"thumbnailUrl\":\"https:\\\/\\\/magotarm.se\\\/unga-magar\\\/wp-content\\\/uploads\\\/sites\\\/30\\\/2016\\\/09\\\/unspecified.jpg\",\"keywords\":[\"dyspepsi\",\"IBS\",\"pratamage\",\"psyket\",\"psykisk oh\u00e4lsa\"],\"articleSection\":[\"Nyheter\",\"Psykisk h\u00e4lsa\"],\"inLanguage\":\"sv-SE\",\"potentialAction\":[{\"@type\":\"CommentAction\",\"name\":\"Comment\",\"target\":[\"https:\\\/\\\/magotarm.se\\\/unga-magar\\\/2016\\\/09\\\/12\\\/tarmproblem-kan-skapa-depression-och-tvartom\\\/#respond\"]}]},{\"@type\":\"WebPage\",\"@id\":\"https:\\\/\\\/magotarm.se\\\/unga-magar\\\/2016\\\/09\\\/12\\\/tarmproblem-kan-skapa-depression-och-tvartom\\\/\",\"url\":\"https:\\\/\\\/magotarm.se\\\/unga-magar\\\/2016\\\/09\\\/12\\\/tarmproblem-kan-skapa-depression-och-tvartom\\\/\",\"name\":\"Tarmproblem kan skapa depression - och tv\u00e4rtom - Unga Magar\",\"isPartOf\":{\"@id\":\"https:\\\/\\\/magotarm.se\\\/unga-magar\\\/#website\"},\"primaryImageOfPage\":{\"@id\":\"https:\\\/\\\/magotarm.se\\\/unga-magar\\\/2016\\\/09\\\/12\\\/tarmproblem-kan-skapa-depression-och-tvartom\\\/#primaryimage\"},\"image\":{\"@id\":\"https:\\\/\\\/magotarm.se\\\/unga-magar\\\/2016\\\/09\\\/12\\\/tarmproblem-kan-skapa-depression-och-tvartom\\\/#primaryimage\"},\"thumbnailUrl\":\"https:\\\/\\\/magotarm.se\\\/unga-magar\\\/wp-content\\\/uploads\\\/sites\\\/30\\\/2016\\\/09\\\/unspecified.jpg\",\"datePublished\":\"2016-09-12T15:38:21+00:00\",\"dateModified\":\"2016-09-12T15:47:59+00:00\",\"author\":{\"@id\":\"https:\\\/\\\/magotarm.se\\\/unga-magar\\\/#\\\/schema\\\/person\\\/1d6742f2ef262859a4105a5123a9e822\"},\"breadcrumb\":{\"@id\":\"https:\\\/\\\/magotarm.se\\\/unga-magar\\\/2016\\\/09\\\/12\\\/tarmproblem-kan-skapa-depression-och-tvartom\\\/#breadcrumb\"},\"inLanguage\":\"sv-SE\",\"potentialAction\":[{\"@type\":\"ReadAction\",\"target\":[\"https:\\\/\\\/magotarm.se\\\/unga-magar\\\/2016\\\/09\\\/12\\\/tarmproblem-kan-skapa-depression-och-tvartom\\\/\"]}]},{\"@type\":\"ImageObject\",\"inLanguage\":\"sv-SE\",\"@id\":\"https:\\\/\\\/magotarm.se\\\/unga-magar\\\/2016\\\/09\\\/12\\\/tarmproblem-kan-skapa-depression-och-tvartom\\\/#primaryimage\",\"url\":\"https:\\\/\\\/magotarm.se\\\/unga-magar\\\/wp-content\\\/uploads\\\/sites\\\/30\\\/2016\\\/09\\\/unspecified.jpg\",\"contentUrl\":\"https:\\\/\\\/magotarm.se\\\/unga-magar\\\/wp-content\\\/uploads\\\/sites\\\/30\\\/2016\\\/09\\\/unspecified.jpg\",\"width\":1280,\"height\":854},{\"@type\":\"BreadcrumbList\",\"@id\":\"https:\\\/\\\/magotarm.se\\\/unga-magar\\\/2016\\\/09\\\/12\\\/tarmproblem-kan-skapa-depression-och-tvartom\\\/#breadcrumb\",\"itemListElement\":[{\"@type\":\"ListItem\",\"position\":1,\"name\":\"Hem\",\"item\":\"https:\\\/\\\/magotarm.se\\\/unga-magar\\\/\"},{\"@type\":\"ListItem\",\"position\":2,\"name\":\"Tarmproblem kan skapa depression &#8211; och tv\u00e4rtom\"}]},{\"@type\":\"WebSite\",\"@id\":\"https:\\\/\\\/magotarm.se\\\/unga-magar\\\/#website\",\"url\":\"https:\\\/\\\/magotarm.se\\\/unga-magar\\\/\",\"name\":\"Unga Magar\",\"description\":\"En till Mag- och tarmf\u00f6rbundets Webbplatser webbplats\",\"potentialAction\":[{\"@type\":\"SearchAction\",\"target\":{\"@type\":\"EntryPoint\",\"urlTemplate\":\"https:\\\/\\\/magotarm.se\\\/unga-magar\\\/?s={search_term_string}\"},\"query-input\":{\"@type\":\"PropertyValueSpecification\",\"valueRequired\":true,\"valueName\":\"search_term_string\"}}],\"inLanguage\":\"sv-SE\"},{\"@type\":\"Person\",\"@id\":\"https:\\\/\\\/magotarm.se\\\/unga-magar\\\/#\\\/schema\\\/person\\\/1d6742f2ef262859a4105a5123a9e822\",\"name\":\"ungamagar\",\"image\":{\"@type\":\"ImageObject\",\"inLanguage\":\"sv-SE\",\"@id\":\"https:\\\/\\\/secure.gravatar.com\\\/avatar\\\/37fea489460d3574caaf0fe471b39928f0b2d498ef9fa0c562d91168fd44f463?s=96&d=mm&r=g\",\"url\":\"https:\\\/\\\/secure.gravatar.com\\\/avatar\\\/37fea489460d3574caaf0fe471b39928f0b2d498ef9fa0c562d91168fd44f463?s=96&d=mm&r=g\",\"contentUrl\":\"https:\\\/\\\/secure.gravatar.com\\\/avatar\\\/37fea489460d3574caaf0fe471b39928f0b2d498ef9fa0c562d91168fd44f463?s=96&d=mm&r=g\",\"caption\":\"ungamagar\"},\"description\":\"Unga Magar \u00e4r en del av Mag- och tarmf\u00f6rbundet och arbetar f\u00f6r att ge st\u00f6d och sprida kunskap och f\u00f6rst\u00e5else om mag- och tarmproblem. Att vara ung och p\u00e5 v\u00e4g ut i livet kan vara nog s\u00e5 sv\u00e5rt utan att vara sjuk. Att komma i kontakt med andra unga i liknande situationer kan k\u00e4nnas sk\u00f6nt och vara st\u00f6ttande i vardagen. Unga Magar riktar sig till alla upp till 30 \u00e5r.\",\"url\":\"https:\\\/\\\/magotarm.se\\\/unga-magar\\\/author\\\/ungamagar\\\/\"}]}<\/script>\n<!-- \/ Yoast SEO plugin. -->","yoast_head_json":{"title":"Tarmproblem kan skapa depression - och tv\u00e4rtom - Unga Magar","robots":{"index":"index","follow":"follow","max-snippet":"max-snippet:-1","max-image-preview":"max-image-preview:large","max-video-preview":"max-video-preview:-1"},"canonical":"https:\/\/magotarm.se\/unga-magar\/2016\/09\/12\/tarmproblem-kan-skapa-depression-och-tvartom\/","og_locale":"sv_SE","og_type":"article","og_title":"Tarmproblem kan skapa depression - och tv\u00e4rtom - Unga Magar","og_description":"Hej p\u00e5 er alla magkrigare! Idag vill vi uppm\u00e4rksamma en artikel fr\u00e5n Svenska Dagbladet i somras, som handlade om ...","og_url":"https:\/\/magotarm.se\/unga-magar\/2016\/09\/12\/tarmproblem-kan-skapa-depression-och-tvartom\/","og_site_name":"Unga Magar","article_published_time":"2016-09-12T15:38:21+00:00","article_modified_time":"2016-09-12T15:47:59+00:00","og_image":[{"width":1280,"height":854,"url":"https:\/\/magotarm.se\/unga-magar\/wp-content\/uploads\/sites\/30\/2016\/09\/unspecified.jpg","type":"image\/jpeg"}],"author":"ungamagar","twitter_card":"summary_large_image","twitter_misc":{"Skriven av":"ungamagar","Ber\u00e4knad l\u00e4stid":"2 minuter"},"schema":{"@context":"https:\/\/schema.org","@graph":[{"@type":"Article","@id":"https:\/\/magotarm.se\/unga-magar\/2016\/09\/12\/tarmproblem-kan-skapa-depression-och-tvartom\/#article","isPartOf":{"@id":"https:\/\/magotarm.se\/unga-magar\/2016\/09\/12\/tarmproblem-kan-skapa-depression-och-tvartom\/"},"author":{"name":"ungamagar","@id":"https:\/\/magotarm.se\/unga-magar\/#\/schema\/person\/1d6742f2ef262859a4105a5123a9e822"},"headline":"Tarmproblem kan skapa depression &#8211; och tv\u00e4rtom","datePublished":"2016-09-12T15:38:21+00:00","dateModified":"2016-09-12T15:47:59+00:00","mainEntityOfPage":{"@id":"https:\/\/magotarm.se\/unga-magar\/2016\/09\/12\/tarmproblem-kan-skapa-depression-och-tvartom\/"},"wordCount":311,"commentCount":0,"image":{"@id":"https:\/\/magotarm.se\/unga-magar\/2016\/09\/12\/tarmproblem-kan-skapa-depression-och-tvartom\/#primaryimage"},"thumbnailUrl":"https:\/\/magotarm.se\/unga-magar\/wp-content\/uploads\/sites\/30\/2016\/09\/unspecified.jpg","keywords":["dyspepsi","IBS","pratamage","psyket","psykisk oh\u00e4lsa"],"articleSection":["Nyheter","Psykisk h\u00e4lsa"],"inLanguage":"sv-SE","potentialAction":[{"@type":"CommentAction","name":"Comment","target":["https:\/\/magotarm.se\/unga-magar\/2016\/09\/12\/tarmproblem-kan-skapa-depression-och-tvartom\/#respond"]}]},{"@type":"WebPage","@id":"https:\/\/magotarm.se\/unga-magar\/2016\/09\/12\/tarmproblem-kan-skapa-depression-och-tvartom\/","url":"https:\/\/magotarm.se\/unga-magar\/2016\/09\/12\/tarmproblem-kan-skapa-depression-och-tvartom\/","name":"Tarmproblem kan skapa depression - och tv\u00e4rtom - Unga Magar","isPartOf":{"@id":"https:\/\/magotarm.se\/unga-magar\/#website"},"primaryImageOfPage":{"@id":"https:\/\/magotarm.se\/unga-magar\/2016\/09\/12\/tarmproblem-kan-skapa-depression-och-tvartom\/#primaryimage"},"image":{"@id":"https:\/\/magotarm.se\/unga-magar\/2016\/09\/12\/tarmproblem-kan-skapa-depression-och-tvartom\/#primaryimage"},"thumbnailUrl":"https:\/\/magotarm.se\/unga-magar\/wp-content\/uploads\/sites\/30\/2016\/09\/unspecified.jpg","datePublished":"2016-09-12T15:38:21+00:00","dateModified":"2016-09-12T15:47:59+00:00","author":{"@id":"https:\/\/magotarm.se\/unga-magar\/#\/schema\/person\/1d6742f2ef262859a4105a5123a9e822"},"breadcrumb":{"@id":"https:\/\/magotarm.se\/unga-magar\/2016\/09\/12\/tarmproblem-kan-skapa-depression-och-tvartom\/#breadcrumb"},"inLanguage":"sv-SE","potentialAction":[{"@type":"ReadAction","target":["https:\/\/magotarm.se\/unga-magar\/2016\/09\/12\/tarmproblem-kan-skapa-depression-och-tvartom\/"]}]},{"@type":"ImageObject","inLanguage":"sv-SE","@id":"https:\/\/magotarm.se\/unga-magar\/2016\/09\/12\/tarmproblem-kan-skapa-depression-och-tvartom\/#primaryimage","url":"https:\/\/magotarm.se\/unga-magar\/wp-content\/uploads\/sites\/30\/2016\/09\/unspecified.jpg","contentUrl":"https:\/\/magotarm.se\/unga-magar\/wp-content\/uploads\/sites\/30\/2016\/09\/unspecified.jpg","width":1280,"height":854},{"@type":"BreadcrumbList","@id":"https:\/\/magotarm.se\/unga-magar\/2016\/09\/12\/tarmproblem-kan-skapa-depression-och-tvartom\/#breadcrumb","itemListElement":[{"@type":"ListItem","position":1,"name":"Hem","item":"https:\/\/magotarm.se\/unga-magar\/"},{"@type":"ListItem","position":2,"name":"Tarmproblem kan skapa depression &#8211; och tv\u00e4rtom"}]},{"@type":"WebSite","@id":"https:\/\/magotarm.se\/unga-magar\/#website","url":"https:\/\/magotarm.se\/unga-magar\/","name":"Unga Magar","description":"En till Mag- och tarmf\u00f6rbundets Webbplatser webbplats","potentialAction":[{"@type":"SearchAction","target":{"@type":"EntryPoint","urlTemplate":"https:\/\/magotarm.se\/unga-magar\/?s={search_term_string}"},"query-input":{"@type":"PropertyValueSpecification","valueRequired":true,"valueName":"search_term_string"}}],"inLanguage":"sv-SE"},{"@type":"Person","@id":"https:\/\/magotarm.se\/unga-magar\/#\/schema\/person\/1d6742f2ef262859a4105a5123a9e822","name":"ungamagar","image":{"@type":"ImageObject","inLanguage":"sv-SE","@id":"https:\/\/secure.gravatar.com\/avatar\/37fea489460d3574caaf0fe471b39928f0b2d498ef9fa0c562d91168fd44f463?s=96&d=mm&r=g","url":"https:\/\/secure.gravatar.com\/avatar\/37fea489460d3574caaf0fe471b39928f0b2d498ef9fa0c562d91168fd44f463?s=96&d=mm&r=g","contentUrl":"https:\/\/secure.gravatar.com\/avatar\/37fea489460d3574caaf0fe471b39928f0b2d498ef9fa0c562d91168fd44f463?s=96&d=mm&r=g","caption":"ungamagar"},"description":"Unga Magar \u00e4r en del av Mag- och tarmf\u00f6rbundet och arbetar f\u00f6r att ge st\u00f6d och sprida kunskap och f\u00f6rst\u00e5else om mag- och tarmproblem. Att vara ung och p\u00e5 v\u00e4g ut i livet kan vara nog s\u00e5 sv\u00e5rt utan att vara sjuk. Att komma i kontakt med andra unga i liknande situationer kan k\u00e4nnas sk\u00f6nt och vara st\u00f6ttande i vardagen. Unga Magar riktar sig till alla upp till 30 \u00e5r.","url":"https:\/\/magotarm.se\/unga-magar\/author\/ungamagar\/"}]}},"_links":{"self":[{"href":"https:\/\/magotarm.se\/unga-magar\/wp-json\/wp\/v2\/posts\/478","targetHints":{"allow":["GET"]}}],"collection":[{"href":"https:\/\/magotarm.se\/unga-magar\/wp-json\/wp\/v2\/posts"}],"about":[{"href":"https:\/\/magotarm.se\/unga-magar\/wp-json\/wp\/v2\/types\/post"}],"author":[{"embeddable":true,"href":"https:\/\/magotarm.se\/unga-magar\/wp-json\/wp\/v2\/users\/35"}],"replies":[{"embeddable":true,"href":"https:\/\/magotarm.se\/unga-magar\/wp-json\/wp\/v2\/comments?post=478"}],"version-history":[{"count":11,"href":"https:\/\/magotarm.se\/unga-magar\/wp-json\/wp\/v2\/posts\/478\/revisions"}],"predecessor-version":[{"id":490,"href":"https:\/\/magotarm.se\/unga-magar\/wp-json\/wp\/v2\/posts\/478\/revisions\/490"}],"wp:featuredmedia":[{"embeddable":true,"href":"https:\/\/magotarm.se\/unga-magar\/wp-json\/wp\/v2\/media\/480"}],"wp:attachment":[{"href":"https:\/\/magotarm.se\/unga-magar\/wp-json\/wp\/v2\/media?parent=478"}],"wp:term":[{"taxonomy":"category","embeddable":true,"href":"https:\/\/magotarm.se\/unga-magar\/wp-json\/wp\/v2\/categories?post=478"},{"taxonomy":"post_tag","embeddable":true,"href":"https:\/\/magotarm.se\/unga-magar\/wp-json\/wp\/v2\/tags?post=478"}],"curies":[{"name":"wp","href":"https:\/\/api.w.org\/{rel}","templated":true}]}}