{"id":698,"date":"2025-10-23T20:47:10","date_gmt":"2025-10-23T18:47:10","guid":{"rendered":"https:\/\/magotarm.se\/skaraborgs-lokalavdelning\/?p=698"},"modified":"2025-10-23T20:50:59","modified_gmt":"2025-10-23T18:50:59","slug":"2025-gar-mot-sitt-slut","status":"publish","type":"post","link":"https:\/\/magotarm.se\/skaraborgs-lokalavdelning\/2025\/10\/2025-gar-mot-sitt-slut\/","title":{"rendered":"-2025 g\u00e5r mot sitt slut-"},"content":{"rendered":"\n<p>Nu \u00e4r \u00e5ret snart till \u00e4nda och vi bjuder in v\u00e5ra medlemmar med familjer till ett h\u00e4rligt julbord. Inbjudan skickas i dagarna till v\u00e5ra medlemmar. <br>Julbordet \u00e4r v\u00e5r popul\u00e4raste medlemsaktivitet och vi \u00e4r glada f\u00f6r att s\u00e5 m\u00e5nga alltid vill vara med. Det den dagen p\u00e5 \u00e5ret vi f\u00e5r tr\u00e4ffa de flesta av er.<br>Vi beh\u00f6ver fler som vill vara med i styrelsen och k\u00e4nner du att du vill vara med s\u00e5 h\u00f6r av dig till oss.<br>H\u00e4r kommer en klyscha som \u00e4r nog s\u00e5 sann: <strong>Ingen kan g\u00f6ra allt men alla kan g\u00f6ra lite<\/strong><br>F\u00f6rslag p\u00e5 planering inf\u00f6r 2026 har p\u00e5b\u00f6rjats:<br>N\u00e4sta \u00e5r startar vi upp med \u00e5rsm\u00f6te p\u00e5 Helensg\u00e5rden den 7 februari i Sk\u00f6vde. Inbjudan skickas till v\u00e5ra medlemmar.<br>Familjedagar p\u00e5 v\u00e5ren och h\u00f6sten med avkoppling och mat kan vara sk\u00f6nt. Vi ser \u00f6ver m\u00f6jligheten att hitta nya upplevelser.<br>V\u00e5r familjedag i augusti \u00e4r ett h\u00e4rligt arrangemang och kan vara en start inf\u00f6r kommande uppstart av skolor och arbete.<br>Slutligen blir det f\u00f6rhoppningsvis \u00e4ven ett nytt julbord i november 2026.<br>Hoppas ni vill vara med p\u00e5 resan genom 2026 och att ni h\u00e4nger med oss.<br>Ni \u00e4r ju v\u00e5ra b\u00e4sta medlemmar och vi \u00f6nskar er alla ett gott slut i f\u00f6rskott och hoppas vi ses p\u00e5 julbordet!<\/p>\n\n\n\n<p>H\u00e4lsningar fr\u00e5n styrelsen<\/p>\n\n\n\n<p><\/p>\n","protected":false},"excerpt":{"rendered":"<p>Nu \u00e4r \u00e5ret snart till \u00e4nda och vi bjuder in v\u00e5ra medlemmar med familjer till ett h\u00e4rligt julbord. Inbjudan &#8230;<\/p>\n","protected":false},"author":22,"featured_media":700,"comment_status":"open","ping_status":"open","sticky":false,"template":"","format":"standard","meta":{"_acf_changed":false,"footnotes":"","_links_to":"","_links_to_target":""},"categories":[1],"tags":[],"class_list":["post-698","post","type-post","status-publish","format-standard","has-post-thumbnail","hentry","category-okategoriserade","wp-sticky"],"acf":[],"yoast_head":"<!-- This site is optimized with the Yoast SEO plugin v27.5 - https:\/\/yoast.com\/product\/yoast-seo-wordpress\/ -->\n<title>-2025 g\u00e5r mot sitt slut- Mag- och tarmf\u00f6reningen i Skaraborg<\/title>\n<meta name=\"robots\" content=\"index, follow, max-snippet:-1, max-image-preview:large, max-video-preview:-1\" \/>\n<link rel=\"canonical\" href=\"https:\/\/magotarm.se\/skaraborgs-lokalavdelning\/2025\/10\/2025-gar-mot-sitt-slut\/\" \/>\n<meta property=\"og:locale\" content=\"sv_SE\" \/>\n<meta property=\"og:type\" content=\"article\" \/>\n<meta property=\"og:title\" content=\"-2025 g\u00e5r mot sitt slut- Mag- och tarmf\u00f6reningen i Skaraborg\" \/>\n<meta property=\"og:description\" content=\"Nu \u00e4r \u00e5ret snart till \u00e4nda och vi bjuder in v\u00e5ra medlemmar med familjer till ett h\u00e4rligt julbord. Inbjudan ...\" \/>\n<meta property=\"og:url\" content=\"https:\/\/magotarm.se\/skaraborgs-lokalavdelning\/2025\/10\/2025-gar-mot-sitt-slut\/\" \/>\n<meta property=\"og:site_name\" content=\"Mag- och tarmf\u00f6reningen i Skaraborg\" \/>\n<meta property=\"article:published_time\" content=\"2025-10-23T18:47:10+00:00\" \/>\n<meta property=\"article:modified_time\" content=\"2025-10-23T18:50:59+00:00\" \/>\n<meta property=\"og:image\" content=\"https:\/\/magotarm.se\/skaraborgs-lokalavdelning\/wp-content\/uploads\/sites\/17\/2025\/10\/Julbord-29-november-2025.jpg\" \/>\n\t<meta property=\"og:image:width\" content=\"480\" \/>\n\t<meta property=\"og:image:height\" content=\"474\" \/>\n\t<meta property=\"og:image:type\" content=\"image\/jpeg\" \/>\n<meta name=\"author\" content=\"skaraborg\" \/>\n<meta name=\"twitter:card\" content=\"summary_large_image\" \/>\n<meta name=\"twitter:label1\" content=\"Skriven av\" \/>\n\t<meta name=\"twitter:data1\" content=\"skaraborg\" \/>\n\t<meta name=\"twitter:label2\" content=\"Ber\u00e4knad l\u00e4stid\" \/>\n\t<meta name=\"twitter:data2\" content=\"2 minuter\" \/>\n<script type=\"application\/ld+json\" class=\"yoast-schema-graph\">{\"@context\":\"https:\\\/\\\/schema.org\",\"@graph\":[{\"@type\":\"Article\",\"@id\":\"https:\\\/\\\/magotarm.se\\\/skaraborgs-lokalavdelning\\\/2025\\\/10\\\/2025-gar-mot-sitt-slut\\\/#article\",\"isPartOf\":{\"@id\":\"https:\\\/\\\/magotarm.se\\\/skaraborgs-lokalavdelning\\\/2025\\\/10\\\/2025-gar-mot-sitt-slut\\\/\"},\"author\":{\"name\":\"skaraborg\",\"@id\":\"https:\\\/\\\/magotarm.se\\\/skaraborgs-lokalavdelning\\\/#\\\/schema\\\/person\\\/5857d2b587d3181e7ca44a5fa86c3202\"},\"headline\":\"-2025 g\u00e5r mot sitt slut-\",\"datePublished\":\"2025-10-23T18:47:10+00:00\",\"dateModified\":\"2025-10-23T18:50:59+00:00\",\"mainEntityOfPage\":{\"@id\":\"https:\\\/\\\/magotarm.se\\\/skaraborgs-lokalavdelning\\\/2025\\\/10\\\/2025-gar-mot-sitt-slut\\\/\"},\"wordCount\":251,\"commentCount\":0,\"image\":{\"@id\":\"https:\\\/\\\/magotarm.se\\\/skaraborgs-lokalavdelning\\\/2025\\\/10\\\/2025-gar-mot-sitt-slut\\\/#primaryimage\"},\"thumbnailUrl\":\"https:\\\/\\\/magotarm.se\\\/skaraborgs-lokalavdelning\\\/wp-content\\\/uploads\\\/sites\\\/17\\\/2025\\\/10\\\/Julbord-29-november-2025.jpg\",\"inLanguage\":\"sv-SE\",\"potentialAction\":[{\"@type\":\"CommentAction\",\"name\":\"Comment\",\"target\":[\"https:\\\/\\\/magotarm.se\\\/skaraborgs-lokalavdelning\\\/2025\\\/10\\\/2025-gar-mot-sitt-slut\\\/#respond\"]}]},{\"@type\":\"WebPage\",\"@id\":\"https:\\\/\\\/magotarm.se\\\/skaraborgs-lokalavdelning\\\/2025\\\/10\\\/2025-gar-mot-sitt-slut\\\/\",\"url\":\"https:\\\/\\\/magotarm.se\\\/skaraborgs-lokalavdelning\\\/2025\\\/10\\\/2025-gar-mot-sitt-slut\\\/\",\"name\":\"-2025 g\u00e5r mot sitt slut- Mag- och tarmf\u00f6reningen i Skaraborg\",\"isPartOf\":{\"@id\":\"https:\\\/\\\/magotarm.se\\\/skaraborgs-lokalavdelning\\\/#website\"},\"primaryImageOfPage\":{\"@id\":\"https:\\\/\\\/magotarm.se\\\/skaraborgs-lokalavdelning\\\/2025\\\/10\\\/2025-gar-mot-sitt-slut\\\/#primaryimage\"},\"image\":{\"@id\":\"https:\\\/\\\/magotarm.se\\\/skaraborgs-lokalavdelning\\\/2025\\\/10\\\/2025-gar-mot-sitt-slut\\\/#primaryimage\"},\"thumbnailUrl\":\"https:\\\/\\\/magotarm.se\\\/skaraborgs-lokalavdelning\\\/wp-content\\\/uploads\\\/sites\\\/17\\\/2025\\\/10\\\/Julbord-29-november-2025.jpg\",\"datePublished\":\"2025-10-23T18:47:10+00:00\",\"dateModified\":\"2025-10-23T18:50:59+00:00\",\"author\":{\"@id\":\"https:\\\/\\\/magotarm.se\\\/skaraborgs-lokalavdelning\\\/#\\\/schema\\\/person\\\/5857d2b587d3181e7ca44a5fa86c3202\"},\"breadcrumb\":{\"@id\":\"https:\\\/\\\/magotarm.se\\\/skaraborgs-lokalavdelning\\\/2025\\\/10\\\/2025-gar-mot-sitt-slut\\\/#breadcrumb\"},\"inLanguage\":\"sv-SE\",\"potentialAction\":[{\"@type\":\"ReadAction\",\"target\":[\"https:\\\/\\\/magotarm.se\\\/skaraborgs-lokalavdelning\\\/2025\\\/10\\\/2025-gar-mot-sitt-slut\\\/\"]}]},{\"@type\":\"ImageObject\",\"inLanguage\":\"sv-SE\",\"@id\":\"https:\\\/\\\/magotarm.se\\\/skaraborgs-lokalavdelning\\\/2025\\\/10\\\/2025-gar-mot-sitt-slut\\\/#primaryimage\",\"url\":\"https:\\\/\\\/magotarm.se\\\/skaraborgs-lokalavdelning\\\/wp-content\\\/uploads\\\/sites\\\/17\\\/2025\\\/10\\\/Julbord-29-november-2025.jpg\",\"contentUrl\":\"https:\\\/\\\/magotarm.se\\\/skaraborgs-lokalavdelning\\\/wp-content\\\/uploads\\\/sites\\\/17\\\/2025\\\/10\\\/Julbord-29-november-2025.jpg\",\"width\":480,\"height\":474},{\"@type\":\"BreadcrumbList\",\"@id\":\"https:\\\/\\\/magotarm.se\\\/skaraborgs-lokalavdelning\\\/2025\\\/10\\\/2025-gar-mot-sitt-slut\\\/#breadcrumb\",\"itemListElement\":[{\"@type\":\"ListItem\",\"position\":1,\"name\":\"Hem\",\"item\":\"https:\\\/\\\/magotarm.se\\\/skaraborgs-lokalavdelning\\\/\"},{\"@type\":\"ListItem\",\"position\":2,\"name\":\"-2025 g\u00e5r mot sitt slut-\"}]},{\"@type\":\"WebSite\",\"@id\":\"https:\\\/\\\/magotarm.se\\\/skaraborgs-lokalavdelning\\\/#website\",\"url\":\"https:\\\/\\\/magotarm.se\\\/skaraborgs-lokalavdelning\\\/\",\"name\":\"Mag- och tarmf\u00f6reningen i Skaraborg\",\"description\":\"En till Mag- och tarmf\u00f6rbundets Webbplatser webbplats\",\"potentialAction\":[{\"@type\":\"SearchAction\",\"target\":{\"@type\":\"EntryPoint\",\"urlTemplate\":\"https:\\\/\\\/magotarm.se\\\/skaraborgs-lokalavdelning\\\/?s={search_term_string}\"},\"query-input\":{\"@type\":\"PropertyValueSpecification\",\"valueRequired\":true,\"valueName\":\"search_term_string\"}}],\"inLanguage\":\"sv-SE\"},{\"@type\":\"Person\",\"@id\":\"https:\\\/\\\/magotarm.se\\\/skaraborgs-lokalavdelning\\\/#\\\/schema\\\/person\\\/5857d2b587d3181e7ca44a5fa86c3202\",\"name\":\"skaraborg\",\"image\":{\"@type\":\"ImageObject\",\"inLanguage\":\"sv-SE\",\"@id\":\"https:\\\/\\\/secure.gravatar.com\\\/avatar\\\/617ad0659ef9eff88fde0b6a1358a44f12444cbf2e283ced355087bc37e043e1?s=96&d=mm&r=g\",\"url\":\"https:\\\/\\\/secure.gravatar.com\\\/avatar\\\/617ad0659ef9eff88fde0b6a1358a44f12444cbf2e283ced355087bc37e043e1?s=96&d=mm&r=g\",\"contentUrl\":\"https:\\\/\\\/secure.gravatar.com\\\/avatar\\\/617ad0659ef9eff88fde0b6a1358a44f12444cbf2e283ced355087bc37e043e1?s=96&d=mm&r=g\",\"caption\":\"skaraborg\"},\"url\":\"https:\\\/\\\/magotarm.se\\\/skaraborgs-lokalavdelning\\\/author\\\/skaraborg\\\/\"}]}<\/script>\n<!-- \/ Yoast SEO plugin. -->","yoast_head_json":{"title":"-2025 g\u00e5r mot sitt slut- Mag- och tarmf\u00f6reningen i Skaraborg","robots":{"index":"index","follow":"follow","max-snippet":"max-snippet:-1","max-image-preview":"max-image-preview:large","max-video-preview":"max-video-preview:-1"},"canonical":"https:\/\/magotarm.se\/skaraborgs-lokalavdelning\/2025\/10\/2025-gar-mot-sitt-slut\/","og_locale":"sv_SE","og_type":"article","og_title":"-2025 g\u00e5r mot sitt slut- Mag- och tarmf\u00f6reningen i Skaraborg","og_description":"Nu \u00e4r \u00e5ret snart till \u00e4nda och vi bjuder in v\u00e5ra medlemmar med familjer till ett h\u00e4rligt julbord. Inbjudan ...","og_url":"https:\/\/magotarm.se\/skaraborgs-lokalavdelning\/2025\/10\/2025-gar-mot-sitt-slut\/","og_site_name":"Mag- och tarmf\u00f6reningen i Skaraborg","article_published_time":"2025-10-23T18:47:10+00:00","article_modified_time":"2025-10-23T18:50:59+00:00","og_image":[{"width":480,"height":474,"url":"https:\/\/magotarm.se\/skaraborgs-lokalavdelning\/wp-content\/uploads\/sites\/17\/2025\/10\/Julbord-29-november-2025.jpg","type":"image\/jpeg"}],"author":"skaraborg","twitter_card":"summary_large_image","twitter_misc":{"Skriven av":"skaraborg","Ber\u00e4knad l\u00e4stid":"2 minuter"},"schema":{"@context":"https:\/\/schema.org","@graph":[{"@type":"Article","@id":"https:\/\/magotarm.se\/skaraborgs-lokalavdelning\/2025\/10\/2025-gar-mot-sitt-slut\/#article","isPartOf":{"@id":"https:\/\/magotarm.se\/skaraborgs-lokalavdelning\/2025\/10\/2025-gar-mot-sitt-slut\/"},"author":{"name":"skaraborg","@id":"https:\/\/magotarm.se\/skaraborgs-lokalavdelning\/#\/schema\/person\/5857d2b587d3181e7ca44a5fa86c3202"},"headline":"-2025 g\u00e5r mot sitt slut-","datePublished":"2025-10-23T18:47:10+00:00","dateModified":"2025-10-23T18:50:59+00:00","mainEntityOfPage":{"@id":"https:\/\/magotarm.se\/skaraborgs-lokalavdelning\/2025\/10\/2025-gar-mot-sitt-slut\/"},"wordCount":251,"commentCount":0,"image":{"@id":"https:\/\/magotarm.se\/skaraborgs-lokalavdelning\/2025\/10\/2025-gar-mot-sitt-slut\/#primaryimage"},"thumbnailUrl":"https:\/\/magotarm.se\/skaraborgs-lokalavdelning\/wp-content\/uploads\/sites\/17\/2025\/10\/Julbord-29-november-2025.jpg","inLanguage":"sv-SE","potentialAction":[{"@type":"CommentAction","name":"Comment","target":["https:\/\/magotarm.se\/skaraborgs-lokalavdelning\/2025\/10\/2025-gar-mot-sitt-slut\/#respond"]}]},{"@type":"WebPage","@id":"https:\/\/magotarm.se\/skaraborgs-lokalavdelning\/2025\/10\/2025-gar-mot-sitt-slut\/","url":"https:\/\/magotarm.se\/skaraborgs-lokalavdelning\/2025\/10\/2025-gar-mot-sitt-slut\/","name":"-2025 g\u00e5r mot sitt slut- Mag- och tarmf\u00f6reningen i Skaraborg","isPartOf":{"@id":"https:\/\/magotarm.se\/skaraborgs-lokalavdelning\/#website"},"primaryImageOfPage":{"@id":"https:\/\/magotarm.se\/skaraborgs-lokalavdelning\/2025\/10\/2025-gar-mot-sitt-slut\/#primaryimage"},"image":{"@id":"https:\/\/magotarm.se\/skaraborgs-lokalavdelning\/2025\/10\/2025-gar-mot-sitt-slut\/#primaryimage"},"thumbnailUrl":"https:\/\/magotarm.se\/skaraborgs-lokalavdelning\/wp-content\/uploads\/sites\/17\/2025\/10\/Julbord-29-november-2025.jpg","datePublished":"2025-10-23T18:47:10+00:00","dateModified":"2025-10-23T18:50:59+00:00","author":{"@id":"https:\/\/magotarm.se\/skaraborgs-lokalavdelning\/#\/schema\/person\/5857d2b587d3181e7ca44a5fa86c3202"},"breadcrumb":{"@id":"https:\/\/magotarm.se\/skaraborgs-lokalavdelning\/2025\/10\/2025-gar-mot-sitt-slut\/#breadcrumb"},"inLanguage":"sv-SE","potentialAction":[{"@type":"ReadAction","target":["https:\/\/magotarm.se\/skaraborgs-lokalavdelning\/2025\/10\/2025-gar-mot-sitt-slut\/"]}]},{"@type":"ImageObject","inLanguage":"sv-SE","@id":"https:\/\/magotarm.se\/skaraborgs-lokalavdelning\/2025\/10\/2025-gar-mot-sitt-slut\/#primaryimage","url":"https:\/\/magotarm.se\/skaraborgs-lokalavdelning\/wp-content\/uploads\/sites\/17\/2025\/10\/Julbord-29-november-2025.jpg","contentUrl":"https:\/\/magotarm.se\/skaraborgs-lokalavdelning\/wp-content\/uploads\/sites\/17\/2025\/10\/Julbord-29-november-2025.jpg","width":480,"height":474},{"@type":"BreadcrumbList","@id":"https:\/\/magotarm.se\/skaraborgs-lokalavdelning\/2025\/10\/2025-gar-mot-sitt-slut\/#breadcrumb","itemListElement":[{"@type":"ListItem","position":1,"name":"Hem","item":"https:\/\/magotarm.se\/skaraborgs-lokalavdelning\/"},{"@type":"ListItem","position":2,"name":"-2025 g\u00e5r mot sitt slut-"}]},{"@type":"WebSite","@id":"https:\/\/magotarm.se\/skaraborgs-lokalavdelning\/#website","url":"https:\/\/magotarm.se\/skaraborgs-lokalavdelning\/","name":"Mag- och tarmf\u00f6reningen i Skaraborg","description":"En till Mag- och tarmf\u00f6rbundets Webbplatser webbplats","potentialAction":[{"@type":"SearchAction","target":{"@type":"EntryPoint","urlTemplate":"https:\/\/magotarm.se\/skaraborgs-lokalavdelning\/?s={search_term_string}"},"query-input":{"@type":"PropertyValueSpecification","valueRequired":true,"valueName":"search_term_string"}}],"inLanguage":"sv-SE"},{"@type":"Person","@id":"https:\/\/magotarm.se\/skaraborgs-lokalavdelning\/#\/schema\/person\/5857d2b587d3181e7ca44a5fa86c3202","name":"skaraborg","image":{"@type":"ImageObject","inLanguage":"sv-SE","@id":"https:\/\/secure.gravatar.com\/avatar\/617ad0659ef9eff88fde0b6a1358a44f12444cbf2e283ced355087bc37e043e1?s=96&d=mm&r=g","url":"https:\/\/secure.gravatar.com\/avatar\/617ad0659ef9eff88fde0b6a1358a44f12444cbf2e283ced355087bc37e043e1?s=96&d=mm&r=g","contentUrl":"https:\/\/secure.gravatar.com\/avatar\/617ad0659ef9eff88fde0b6a1358a44f12444cbf2e283ced355087bc37e043e1?s=96&d=mm&r=g","caption":"skaraborg"},"url":"https:\/\/magotarm.se\/skaraborgs-lokalavdelning\/author\/skaraborg\/"}]}},"_links":{"self":[{"href":"https:\/\/magotarm.se\/skaraborgs-lokalavdelning\/wp-json\/wp\/v2\/posts\/698","targetHints":{"allow":["GET"]}}],"collection":[{"href":"https:\/\/magotarm.se\/skaraborgs-lokalavdelning\/wp-json\/wp\/v2\/posts"}],"about":[{"href":"https:\/\/magotarm.se\/skaraborgs-lokalavdelning\/wp-json\/wp\/v2\/types\/post"}],"author":[{"embeddable":true,"href":"https:\/\/magotarm.se\/skaraborgs-lokalavdelning\/wp-json\/wp\/v2\/users\/22"}],"replies":[{"embeddable":true,"href":"https:\/\/magotarm.se\/skaraborgs-lokalavdelning\/wp-json\/wp\/v2\/comments?post=698"}],"version-history":[{"count":2,"href":"https:\/\/magotarm.se\/skaraborgs-lokalavdelning\/wp-json\/wp\/v2\/posts\/698\/revisions"}],"predecessor-version":[{"id":701,"href":"https:\/\/magotarm.se\/skaraborgs-lokalavdelning\/wp-json\/wp\/v2\/posts\/698\/revisions\/701"}],"wp:featuredmedia":[{"embeddable":true,"href":"https:\/\/magotarm.se\/skaraborgs-lokalavdelning\/wp-json\/wp\/v2\/media\/700"}],"wp:attachment":[{"href":"https:\/\/magotarm.se\/skaraborgs-lokalavdelning\/wp-json\/wp\/v2\/media?parent=698"}],"wp:term":[{"taxonomy":"category","embeddable":true,"href":"https:\/\/magotarm.se\/skaraborgs-lokalavdelning\/wp-json\/wp\/v2\/categories?post=698"},{"taxonomy":"post_tag","embeddable":true,"href":"https:\/\/magotarm.se\/skaraborgs-lokalavdelning\/wp-json\/wp\/v2\/tags?post=698"}],"curies":[{"name":"wp","href":"https:\/\/api.w.org\/{rel}","templated":true}]}}