{"id":788,"date":"2026-04-21T15:20:40","date_gmt":"2026-04-21T13:20:40","guid":{"rendered":"https:\/\/magotarm.se\/skane-lansforening\/?p=788"},"modified":"2026-04-21T15:20:41","modified_gmt":"2026-04-21T13:20:41","slug":"lar-dig-mer-om-magen","status":"publish","type":"post","link":"https:\/\/magotarm.se\/skane-lansforening\/2026\/04\/lar-dig-mer-om-magen\/","title":{"rendered":"L\u00e4r dig mer om magen"},"content":{"rendered":"\n<p>H\u00e4r vill vi tipsa om en \u00f6ppen f\u00f6rel\u00e4sning d\u00e4r f\u00f6rel\u00e4sare fr\u00e5n Sk\u00e5nes universitetssjukhus ber\u00e4ttar om IBS, Crohns sjukdom, Ulcer\u00f6s kolit och Celiaki. Insl\u00e4pp fr\u00e5n 17.30. <\/p>\n\n\n\n<p>Platsen \u00e4r R\u00e5dhuset i Kristianstad, Sessionssalen.<\/p>\n\n\n\n<p>Arrang\u00f6r \u00e4r Medicinska biblioteket p\u00e5 CSK\/H\u00e4ssleholms sjukhus och Forskningsforum.<\/p>\n\n\n\n<figure class=\"wp-block-image size-large\"><a href=\"https:\/\/magotarm.se\/skane-lansforening\/wp-content\/uploads\/sites\/18\/2026\/04\/Affisch-forelasning-mag-tarmsjukdom_NO_3-1.pdf\"><img loading=\"lazy\" decoding=\"async\" width=\"724\" height=\"1024\" src=\"https:\/\/magotarm.se\/skane-lansforening\/wp-content\/uploads\/sites\/18\/2026\/04\/Affisch-forelasning-mag-tarmsjukdom_NO_3-1-pdf-724x1024.jpg\" alt=\"\" class=\"wp-image-790\" \/><\/a><\/figure>\n","protected":false},"excerpt":{"rendered":"<p>H\u00e4r vill vi tipsa om en \u00f6ppen f\u00f6rel\u00e4sning d\u00e4r f\u00f6rel\u00e4sare fr\u00e5n Sk\u00e5nes universitetssjukhus ber\u00e4ttar om IBS, Crohns sjukdom, Ulcer\u00f6s &#8230;<\/p>\n","protected":false},"author":36,"featured_media":789,"comment_status":"open","ping_status":"open","sticky":false,"template":"","format":"standard","meta":{"_acf_changed":false,"footnotes":"","_links_to":"","_links_to_target":""},"categories":[1],"tags":[],"class_list":["post-788","post","type-post","status-publish","format-standard","has-post-thumbnail","hentry","category-okategoriserade","wp-sticky"],"acf":[],"yoast_head":"<!-- This site is optimized with the Yoast SEO plugin v27.5 - https:\/\/yoast.com\/product\/yoast-seo-wordpress\/ -->\n<title>L\u00e4r dig mer om magen - Mag- och tarmf\u00f6reningen i Sk\u00e5ne<\/title>\n<meta name=\"robots\" content=\"index, follow, max-snippet:-1, max-image-preview:large, max-video-preview:-1\" \/>\n<link rel=\"canonical\" href=\"https:\/\/magotarm.se\/skane-lansforening\/2026\/04\/lar-dig-mer-om-magen\/\" \/>\n<meta property=\"og:locale\" content=\"sv_SE\" \/>\n<meta property=\"og:type\" content=\"article\" \/>\n<meta property=\"og:title\" content=\"L\u00e4r dig mer om magen - Mag- och tarmf\u00f6reningen i Sk\u00e5ne\" \/>\n<meta property=\"og:description\" content=\"H\u00e4r vill vi tipsa om en \u00f6ppen f\u00f6rel\u00e4sning d\u00e4r f\u00f6rel\u00e4sare fr\u00e5n Sk\u00e5nes universitetssjukhus ber\u00e4ttar om IBS, Crohns sjukdom, Ulcer\u00f6s ...\" \/>\n<meta property=\"og:url\" content=\"https:\/\/magotarm.se\/skane-lansforening\/2026\/04\/lar-dig-mer-om-magen\/\" \/>\n<meta property=\"og:site_name\" content=\"Mag- och tarmf\u00f6reningen i Sk\u00e5ne\" \/>\n<meta property=\"article:published_time\" content=\"2026-04-21T13:20:40+00:00\" \/>\n<meta property=\"article:modified_time\" content=\"2026-04-21T13:20:41+00:00\" \/>\n<meta name=\"author\" content=\"kanslietadmin\" \/>\n<meta name=\"twitter:card\" content=\"summary_large_image\" \/>\n<meta name=\"twitter:label1\" content=\"Skriven av\" \/>\n\t<meta name=\"twitter:data1\" content=\"kanslietadmin\" \/>\n\t<meta name=\"twitter:label2\" content=\"Ber\u00e4knad l\u00e4stid\" \/>\n\t<meta name=\"twitter:data2\" content=\"1 minut\" \/>\n<script type=\"application\/ld+json\" class=\"yoast-schema-graph\">{\"@context\":\"https:\\\/\\\/schema.org\",\"@graph\":[{\"@type\":\"Article\",\"@id\":\"https:\\\/\\\/magotarm.se\\\/skane-lansforening\\\/2026\\\/04\\\/lar-dig-mer-om-magen\\\/#article\",\"isPartOf\":{\"@id\":\"https:\\\/\\\/magotarm.se\\\/skane-lansforening\\\/2026\\\/04\\\/lar-dig-mer-om-magen\\\/\"},\"author\":{\"name\":\"kanslietadmin\",\"@id\":\"https:\\\/\\\/magotarm.se\\\/skane-lansforening\\\/#\\\/schema\\\/person\\\/0685455c3045dfa3b87f93cdd574b519\"},\"headline\":\"L\u00e4r dig mer om magen\",\"datePublished\":\"2026-04-21T13:20:40+00:00\",\"dateModified\":\"2026-04-21T13:20:41+00:00\",\"mainEntityOfPage\":{\"@id\":\"https:\\\/\\\/magotarm.se\\\/skane-lansforening\\\/2026\\\/04\\\/lar-dig-mer-om-magen\\\/\"},\"wordCount\":61,\"commentCount\":0,\"image\":{\"@id\":\"https:\\\/\\\/magotarm.se\\\/skane-lansforening\\\/2026\\\/04\\\/lar-dig-mer-om-magen\\\/#primaryimage\"},\"thumbnailUrl\":\"https:\\\/\\\/magotarm.se\\\/skane-lansforening\\\/wp-content\\\/uploads\\\/sites\\\/18\\\/2026\\\/04\\\/Affisch-forelasning-mag-tarmsjukdom_NO_3-pdf.jpg\",\"inLanguage\":\"sv-SE\",\"potentialAction\":[{\"@type\":\"CommentAction\",\"name\":\"Comment\",\"target\":[\"https:\\\/\\\/magotarm.se\\\/skane-lansforening\\\/2026\\\/04\\\/lar-dig-mer-om-magen\\\/#respond\"]}]},{\"@type\":\"WebPage\",\"@id\":\"https:\\\/\\\/magotarm.se\\\/skane-lansforening\\\/2026\\\/04\\\/lar-dig-mer-om-magen\\\/\",\"url\":\"https:\\\/\\\/magotarm.se\\\/skane-lansforening\\\/2026\\\/04\\\/lar-dig-mer-om-magen\\\/\",\"name\":\"L\u00e4r dig mer om magen - Mag- och tarmf\u00f6reningen i Sk\u00e5ne\",\"isPartOf\":{\"@id\":\"https:\\\/\\\/magotarm.se\\\/skane-lansforening\\\/#website\"},\"primaryImageOfPage\":{\"@id\":\"https:\\\/\\\/magotarm.se\\\/skane-lansforening\\\/2026\\\/04\\\/lar-dig-mer-om-magen\\\/#primaryimage\"},\"image\":{\"@id\":\"https:\\\/\\\/magotarm.se\\\/skane-lansforening\\\/2026\\\/04\\\/lar-dig-mer-om-magen\\\/#primaryimage\"},\"thumbnailUrl\":\"https:\\\/\\\/magotarm.se\\\/skane-lansforening\\\/wp-content\\\/uploads\\\/sites\\\/18\\\/2026\\\/04\\\/Affisch-forelasning-mag-tarmsjukdom_NO_3-pdf.jpg\",\"datePublished\":\"2026-04-21T13:20:40+00:00\",\"dateModified\":\"2026-04-21T13:20:41+00:00\",\"author\":{\"@id\":\"https:\\\/\\\/magotarm.se\\\/skane-lansforening\\\/#\\\/schema\\\/person\\\/0685455c3045dfa3b87f93cdd574b519\"},\"breadcrumb\":{\"@id\":\"https:\\\/\\\/magotarm.se\\\/skane-lansforening\\\/2026\\\/04\\\/lar-dig-mer-om-magen\\\/#breadcrumb\"},\"inLanguage\":\"sv-SE\",\"potentialAction\":[{\"@type\":\"ReadAction\",\"target\":[\"https:\\\/\\\/magotarm.se\\\/skane-lansforening\\\/2026\\\/04\\\/lar-dig-mer-om-magen\\\/\"]}]},{\"@type\":\"ImageObject\",\"inLanguage\":\"sv-SE\",\"@id\":\"https:\\\/\\\/magotarm.se\\\/skane-lansforening\\\/2026\\\/04\\\/lar-dig-mer-om-magen\\\/#primaryimage\",\"url\":\"https:\\\/\\\/magotarm.se\\\/skane-lansforening\\\/wp-content\\\/uploads\\\/sites\\\/18\\\/2026\\\/04\\\/Affisch-forelasning-mag-tarmsjukdom_NO_3-pdf.jpg\",\"contentUrl\":\"https:\\\/\\\/magotarm.se\\\/skane-lansforening\\\/wp-content\\\/uploads\\\/sites\\\/18\\\/2026\\\/04\\\/Affisch-forelasning-mag-tarmsjukdom_NO_3-pdf.jpg\"},{\"@type\":\"BreadcrumbList\",\"@id\":\"https:\\\/\\\/magotarm.se\\\/skane-lansforening\\\/2026\\\/04\\\/lar-dig-mer-om-magen\\\/#breadcrumb\",\"itemListElement\":[{\"@type\":\"ListItem\",\"position\":1,\"name\":\"Hem\",\"item\":\"https:\\\/\\\/magotarm.se\\\/skane-lansforening\\\/\"},{\"@type\":\"ListItem\",\"position\":2,\"name\":\"L\u00e4r dig mer om magen\"}]},{\"@type\":\"WebSite\",\"@id\":\"https:\\\/\\\/magotarm.se\\\/skane-lansforening\\\/#website\",\"url\":\"https:\\\/\\\/magotarm.se\\\/skane-lansforening\\\/\",\"name\":\"Mag- och tarmf\u00f6reningen i Sk\u00e5ne\",\"description\":\"En till Mag- och tarmf\u00f6rbundets Webbplatser webbplats\",\"potentialAction\":[{\"@type\":\"SearchAction\",\"target\":{\"@type\":\"EntryPoint\",\"urlTemplate\":\"https:\\\/\\\/magotarm.se\\\/skane-lansforening\\\/?s={search_term_string}\"},\"query-input\":{\"@type\":\"PropertyValueSpecification\",\"valueRequired\":true,\"valueName\":\"search_term_string\"}}],\"inLanguage\":\"sv-SE\"},{\"@type\":\"Person\",\"@id\":\"https:\\\/\\\/magotarm.se\\\/skane-lansforening\\\/#\\\/schema\\\/person\\\/0685455c3045dfa3b87f93cdd574b519\",\"name\":\"kanslietadmin\",\"image\":{\"@type\":\"ImageObject\",\"inLanguage\":\"sv-SE\",\"@id\":\"https:\\\/\\\/secure.gravatar.com\\\/avatar\\\/c253db44941fb4e52615e9fd047689b5389a7ce9531a32c90e0ae211fd770b53?s=96&d=mm&r=g\",\"url\":\"https:\\\/\\\/secure.gravatar.com\\\/avatar\\\/c253db44941fb4e52615e9fd047689b5389a7ce9531a32c90e0ae211fd770b53?s=96&d=mm&r=g\",\"contentUrl\":\"https:\\\/\\\/secure.gravatar.com\\\/avatar\\\/c253db44941fb4e52615e9fd047689b5389a7ce9531a32c90e0ae211fd770b53?s=96&d=mm&r=g\",\"caption\":\"kanslietadmin\"},\"url\":\"https:\\\/\\\/magotarm.se\\\/skane-lansforening\\\/author\\\/kanslietadmin\\\/\"}]}<\/script>\n<!-- \/ Yoast SEO plugin. -->","yoast_head_json":{"title":"L\u00e4r dig mer om magen - Mag- och tarmf\u00f6reningen i Sk\u00e5ne","robots":{"index":"index","follow":"follow","max-snippet":"max-snippet:-1","max-image-preview":"max-image-preview:large","max-video-preview":"max-video-preview:-1"},"canonical":"https:\/\/magotarm.se\/skane-lansforening\/2026\/04\/lar-dig-mer-om-magen\/","og_locale":"sv_SE","og_type":"article","og_title":"L\u00e4r dig mer om magen - Mag- och tarmf\u00f6reningen i Sk\u00e5ne","og_description":"H\u00e4r vill vi tipsa om en \u00f6ppen f\u00f6rel\u00e4sning d\u00e4r f\u00f6rel\u00e4sare fr\u00e5n Sk\u00e5nes universitetssjukhus ber\u00e4ttar om IBS, Crohns sjukdom, Ulcer\u00f6s ...","og_url":"https:\/\/magotarm.se\/skane-lansforening\/2026\/04\/lar-dig-mer-om-magen\/","og_site_name":"Mag- och tarmf\u00f6reningen i Sk\u00e5ne","article_published_time":"2026-04-21T13:20:40+00:00","article_modified_time":"2026-04-21T13:20:41+00:00","author":"kanslietadmin","twitter_card":"summary_large_image","twitter_misc":{"Skriven av":"kanslietadmin","Ber\u00e4knad l\u00e4stid":"1 minut"},"schema":{"@context":"https:\/\/schema.org","@graph":[{"@type":"Article","@id":"https:\/\/magotarm.se\/skane-lansforening\/2026\/04\/lar-dig-mer-om-magen\/#article","isPartOf":{"@id":"https:\/\/magotarm.se\/skane-lansforening\/2026\/04\/lar-dig-mer-om-magen\/"},"author":{"name":"kanslietadmin","@id":"https:\/\/magotarm.se\/skane-lansforening\/#\/schema\/person\/0685455c3045dfa3b87f93cdd574b519"},"headline":"L\u00e4r dig mer om magen","datePublished":"2026-04-21T13:20:40+00:00","dateModified":"2026-04-21T13:20:41+00:00","mainEntityOfPage":{"@id":"https:\/\/magotarm.se\/skane-lansforening\/2026\/04\/lar-dig-mer-om-magen\/"},"wordCount":61,"commentCount":0,"image":{"@id":"https:\/\/magotarm.se\/skane-lansforening\/2026\/04\/lar-dig-mer-om-magen\/#primaryimage"},"thumbnailUrl":"https:\/\/magotarm.se\/skane-lansforening\/wp-content\/uploads\/sites\/18\/2026\/04\/Affisch-forelasning-mag-tarmsjukdom_NO_3-pdf.jpg","inLanguage":"sv-SE","potentialAction":[{"@type":"CommentAction","name":"Comment","target":["https:\/\/magotarm.se\/skane-lansforening\/2026\/04\/lar-dig-mer-om-magen\/#respond"]}]},{"@type":"WebPage","@id":"https:\/\/magotarm.se\/skane-lansforening\/2026\/04\/lar-dig-mer-om-magen\/","url":"https:\/\/magotarm.se\/skane-lansforening\/2026\/04\/lar-dig-mer-om-magen\/","name":"L\u00e4r dig mer om magen - Mag- och tarmf\u00f6reningen i Sk\u00e5ne","isPartOf":{"@id":"https:\/\/magotarm.se\/skane-lansforening\/#website"},"primaryImageOfPage":{"@id":"https:\/\/magotarm.se\/skane-lansforening\/2026\/04\/lar-dig-mer-om-magen\/#primaryimage"},"image":{"@id":"https:\/\/magotarm.se\/skane-lansforening\/2026\/04\/lar-dig-mer-om-magen\/#primaryimage"},"thumbnailUrl":"https:\/\/magotarm.se\/skane-lansforening\/wp-content\/uploads\/sites\/18\/2026\/04\/Affisch-forelasning-mag-tarmsjukdom_NO_3-pdf.jpg","datePublished":"2026-04-21T13:20:40+00:00","dateModified":"2026-04-21T13:20:41+00:00","author":{"@id":"https:\/\/magotarm.se\/skane-lansforening\/#\/schema\/person\/0685455c3045dfa3b87f93cdd574b519"},"breadcrumb":{"@id":"https:\/\/magotarm.se\/skane-lansforening\/2026\/04\/lar-dig-mer-om-magen\/#breadcrumb"},"inLanguage":"sv-SE","potentialAction":[{"@type":"ReadAction","target":["https:\/\/magotarm.se\/skane-lansforening\/2026\/04\/lar-dig-mer-om-magen\/"]}]},{"@type":"ImageObject","inLanguage":"sv-SE","@id":"https:\/\/magotarm.se\/skane-lansforening\/2026\/04\/lar-dig-mer-om-magen\/#primaryimage","url":"https:\/\/magotarm.se\/skane-lansforening\/wp-content\/uploads\/sites\/18\/2026\/04\/Affisch-forelasning-mag-tarmsjukdom_NO_3-pdf.jpg","contentUrl":"https:\/\/magotarm.se\/skane-lansforening\/wp-content\/uploads\/sites\/18\/2026\/04\/Affisch-forelasning-mag-tarmsjukdom_NO_3-pdf.jpg"},{"@type":"BreadcrumbList","@id":"https:\/\/magotarm.se\/skane-lansforening\/2026\/04\/lar-dig-mer-om-magen\/#breadcrumb","itemListElement":[{"@type":"ListItem","position":1,"name":"Hem","item":"https:\/\/magotarm.se\/skane-lansforening\/"},{"@type":"ListItem","position":2,"name":"L\u00e4r dig mer om magen"}]},{"@type":"WebSite","@id":"https:\/\/magotarm.se\/skane-lansforening\/#website","url":"https:\/\/magotarm.se\/skane-lansforening\/","name":"Mag- och tarmf\u00f6reningen i Sk\u00e5ne","description":"En till Mag- och tarmf\u00f6rbundets Webbplatser webbplats","potentialAction":[{"@type":"SearchAction","target":{"@type":"EntryPoint","urlTemplate":"https:\/\/magotarm.se\/skane-lansforening\/?s={search_term_string}"},"query-input":{"@type":"PropertyValueSpecification","valueRequired":true,"valueName":"search_term_string"}}],"inLanguage":"sv-SE"},{"@type":"Person","@id":"https:\/\/magotarm.se\/skane-lansforening\/#\/schema\/person\/0685455c3045dfa3b87f93cdd574b519","name":"kanslietadmin","image":{"@type":"ImageObject","inLanguage":"sv-SE","@id":"https:\/\/secure.gravatar.com\/avatar\/c253db44941fb4e52615e9fd047689b5389a7ce9531a32c90e0ae211fd770b53?s=96&d=mm&r=g","url":"https:\/\/secure.gravatar.com\/avatar\/c253db44941fb4e52615e9fd047689b5389a7ce9531a32c90e0ae211fd770b53?s=96&d=mm&r=g","contentUrl":"https:\/\/secure.gravatar.com\/avatar\/c253db44941fb4e52615e9fd047689b5389a7ce9531a32c90e0ae211fd770b53?s=96&d=mm&r=g","caption":"kanslietadmin"},"url":"https:\/\/magotarm.se\/skane-lansforening\/author\/kanslietadmin\/"}]}},"_links":{"self":[{"href":"https:\/\/magotarm.se\/skane-lansforening\/wp-json\/wp\/v2\/posts\/788","targetHints":{"allow":["GET"]}}],"collection":[{"href":"https:\/\/magotarm.se\/skane-lansforening\/wp-json\/wp\/v2\/posts"}],"about":[{"href":"https:\/\/magotarm.se\/skane-lansforening\/wp-json\/wp\/v2\/types\/post"}],"author":[{"embeddable":true,"href":"https:\/\/magotarm.se\/skane-lansforening\/wp-json\/wp\/v2\/users\/36"}],"replies":[{"embeddable":true,"href":"https:\/\/magotarm.se\/skane-lansforening\/wp-json\/wp\/v2\/comments?post=788"}],"version-history":[{"count":1,"href":"https:\/\/magotarm.se\/skane-lansforening\/wp-json\/wp\/v2\/posts\/788\/revisions"}],"predecessor-version":[{"id":791,"href":"https:\/\/magotarm.se\/skane-lansforening\/wp-json\/wp\/v2\/posts\/788\/revisions\/791"}],"wp:featuredmedia":[{"embeddable":true,"href":"https:\/\/magotarm.se\/skane-lansforening\/wp-json\/wp\/v2\/media\/789"}],"wp:attachment":[{"href":"https:\/\/magotarm.se\/skane-lansforening\/wp-json\/wp\/v2\/media?parent=788"}],"wp:term":[{"taxonomy":"category","embeddable":true,"href":"https:\/\/magotarm.se\/skane-lansforening\/wp-json\/wp\/v2\/categories?post=788"},{"taxonomy":"post_tag","embeddable":true,"href":"https:\/\/magotarm.se\/skane-lansforening\/wp-json\/wp\/v2\/tags?post=788"}],"curies":[{"name":"wp","href":"https:\/\/api.w.org\/{rel}","templated":true}]}}