{"id":799,"date":"2021-04-21T20:06:39","date_gmt":"2021-04-21T18:06:39","guid":{"rendered":"http:\/\/magotarm.se\/goteborgs-lokalavdelning\/?p=799"},"modified":"2021-04-21T20:06:39","modified_gmt":"2021-04-21T18:06:39","slug":"screening-tjock-och-andtarmscancer-infors-vastra-gotaland","status":"publish","type":"post","link":"https:\/\/magotarm.se\/goteborgs-lokalavdelning\/2021\/04\/screening-tjock-och-andtarmscancer-infors-vastra-gotaland\/","title":{"rendered":"Screening f\u00f6r tjock- och \u00e4ndtarmscancer inf\u00f6rs i V\u00e4stra G\u00f6taland"},"content":{"rendered":"<p>Under 2021 kommer screening f\u00f6r tjock- och \u00e4ndtarmscancer b\u00f6rja inf\u00f6ras i V\u00e4stra G\u00f6taland. H\u00e4lso- och sjukv\u00e5rdsstyrelsen i V\u00e4stra G\u00f6talandsregionen har tagit beslut om att inf\u00f6ra screeningen i sju steg under \u00e5ren 2021-2028 f\u00f6r alla inv\u00e5nare i \u00e5ldrarna 60-74 \u00e5r.<\/p>\n<p>\u2014 F\u00f6rberedelser har p\u00e5g\u00e5tt i flera \u00e5r f\u00f6r att regionen ska kunna inf\u00f6ra screening f\u00f6r tjock- och \u00e4ndtarmscancer. Bland annat har en svensk studie om screening f\u00f6r tjock- och \u00e4ndtarmscancer gjorts och sjuksk\u00f6terskor och l\u00e4kare som kommer g\u00f6ra unders\u00f6kningar av tarmen har utbildats. Vi k\u00e4nner oss v\u00e4l f\u00f6rberedda inf\u00f6r inf\u00f6randet av screeningen nu, s\u00e4ger Andreas Pischel, regional process\u00e4gare screening f\u00f6r tjock- och \u00e4ndtarmscancer. L\u00e4s mer p\u00e5<a href=\"https:\/\/cancercentrum.se\/vast\/om-oss\/nyheter\/2021\/mars\/2021-03-31testning-for-tjock--och-andtarmscancer-infors-i-vastra-gotaland\/\" target=\"_blank\" rel=\"noopener noreferrer\"> Regionalt Cancercentrum V\u00e4sts hemsida<\/a><\/p>\n","protected":false},"excerpt":{"rendered":"<p>Under 2021 kommer screening f\u00f6r tjock- och \u00e4ndtarmscancer b\u00f6rja inf\u00f6ras i V\u00e4stra G\u00f6taland. H\u00e4lso- och sjukv\u00e5rdsstyrelsen i V\u00e4stra G\u00f6talandsregionen &#8230;<\/p>\n","protected":false},"author":14,"featured_media":0,"comment_status":"open","ping_status":"open","sticky":false,"template":"","format":"standard","meta":{"_acf_changed":false,"footnotes":"","_links_to":"","_links_to_target":""},"categories":[1],"tags":[],"class_list":["post-799","post","type-post","status-publish","format-standard","hentry","category-okategoriserade","wp-sticky"],"acf":[],"yoast_head":"<!-- This site is optimized with the Yoast SEO plugin v27.5 - https:\/\/yoast.com\/product\/yoast-seo-wordpress\/ -->\n<title>Screening f\u00f6r tjock- och \u00e4ndtarmscancer inf\u00f6rs i V\u00e4stra G\u00f6taland - Mag- och tarmf\u00f6reningen i G\u00f6teborgsomr\u00e5det<\/title>\n<meta name=\"robots\" content=\"index, follow, max-snippet:-1, max-image-preview:large, max-video-preview:-1\" \/>\n<link rel=\"canonical\" href=\"https:\/\/magotarm.se\/goteborgs-lokalavdelning\/2021\/04\/screening-tjock-och-andtarmscancer-infors-vastra-gotaland\/\" \/>\n<meta property=\"og:locale\" content=\"sv_SE\" \/>\n<meta property=\"og:type\" content=\"article\" \/>\n<meta property=\"og:title\" content=\"Screening f\u00f6r tjock- och \u00e4ndtarmscancer inf\u00f6rs i V\u00e4stra G\u00f6taland - Mag- och tarmf\u00f6reningen i G\u00f6teborgsomr\u00e5det\" \/>\n<meta property=\"og:description\" content=\"Under 2021 kommer screening f\u00f6r tjock- och \u00e4ndtarmscancer b\u00f6rja inf\u00f6ras i V\u00e4stra G\u00f6taland. H\u00e4lso- och sjukv\u00e5rdsstyrelsen i V\u00e4stra G\u00f6talandsregionen ...\" \/>\n<meta property=\"og:url\" content=\"https:\/\/magotarm.se\/goteborgs-lokalavdelning\/2021\/04\/screening-tjock-och-andtarmscancer-infors-vastra-gotaland\/\" \/>\n<meta property=\"og:site_name\" content=\"Mag- och tarmf\u00f6reningen i G\u00f6teborgsomr\u00e5det\" \/>\n<meta property=\"article:published_time\" content=\"2021-04-21T18:06:39+00:00\" \/>\n<meta name=\"author\" content=\"goteborg\" \/>\n<meta name=\"twitter:card\" content=\"summary_large_image\" \/>\n<meta name=\"twitter:label1\" content=\"Skriven av\" \/>\n\t<meta name=\"twitter:data1\" content=\"goteborg\" \/>\n\t<meta name=\"twitter:label2\" content=\"Ber\u00e4knad l\u00e4stid\" \/>\n\t<meta name=\"twitter:data2\" content=\"1 minut\" \/>\n<script type=\"application\/ld+json\" class=\"yoast-schema-graph\">{\"@context\":\"https:\\\/\\\/schema.org\",\"@graph\":[{\"@type\":\"Article\",\"@id\":\"https:\\\/\\\/magotarm.se\\\/goteborgs-lokalavdelning\\\/2021\\\/04\\\/screening-tjock-och-andtarmscancer-infors-vastra-gotaland\\\/#article\",\"isPartOf\":{\"@id\":\"https:\\\/\\\/magotarm.se\\\/goteborgs-lokalavdelning\\\/2021\\\/04\\\/screening-tjock-och-andtarmscancer-infors-vastra-gotaland\\\/\"},\"author\":{\"name\":\"goteborg\",\"@id\":\"https:\\\/\\\/magotarm.se\\\/goteborgs-lokalavdelning\\\/#\\\/schema\\\/person\\\/a17dcb44c5cb7206892431853375461b\"},\"headline\":\"Screening f\u00f6r tjock- och \u00e4ndtarmscancer inf\u00f6rs i V\u00e4stra G\u00f6taland\",\"datePublished\":\"2021-04-21T18:06:39+00:00\",\"mainEntityOfPage\":{\"@id\":\"https:\\\/\\\/magotarm.se\\\/goteborgs-lokalavdelning\\\/2021\\\/04\\\/screening-tjock-och-andtarmscancer-infors-vastra-gotaland\\\/\"},\"wordCount\":153,\"commentCount\":0,\"inLanguage\":\"sv-SE\",\"potentialAction\":[{\"@type\":\"CommentAction\",\"name\":\"Comment\",\"target\":[\"https:\\\/\\\/magotarm.se\\\/goteborgs-lokalavdelning\\\/2021\\\/04\\\/screening-tjock-och-andtarmscancer-infors-vastra-gotaland\\\/#respond\"]}]},{\"@type\":\"WebPage\",\"@id\":\"https:\\\/\\\/magotarm.se\\\/goteborgs-lokalavdelning\\\/2021\\\/04\\\/screening-tjock-och-andtarmscancer-infors-vastra-gotaland\\\/\",\"url\":\"https:\\\/\\\/magotarm.se\\\/goteborgs-lokalavdelning\\\/2021\\\/04\\\/screening-tjock-och-andtarmscancer-infors-vastra-gotaland\\\/\",\"name\":\"Screening f\u00f6r tjock- och \u00e4ndtarmscancer inf\u00f6rs i V\u00e4stra G\u00f6taland - Mag- och tarmf\u00f6reningen i G\u00f6teborgsomr\u00e5det\",\"isPartOf\":{\"@id\":\"https:\\\/\\\/magotarm.se\\\/goteborgs-lokalavdelning\\\/#website\"},\"datePublished\":\"2021-04-21T18:06:39+00:00\",\"author\":{\"@id\":\"https:\\\/\\\/magotarm.se\\\/goteborgs-lokalavdelning\\\/#\\\/schema\\\/person\\\/a17dcb44c5cb7206892431853375461b\"},\"breadcrumb\":{\"@id\":\"https:\\\/\\\/magotarm.se\\\/goteborgs-lokalavdelning\\\/2021\\\/04\\\/screening-tjock-och-andtarmscancer-infors-vastra-gotaland\\\/#breadcrumb\"},\"inLanguage\":\"sv-SE\",\"potentialAction\":[{\"@type\":\"ReadAction\",\"target\":[\"https:\\\/\\\/magotarm.se\\\/goteborgs-lokalavdelning\\\/2021\\\/04\\\/screening-tjock-och-andtarmscancer-infors-vastra-gotaland\\\/\"]}]},{\"@type\":\"BreadcrumbList\",\"@id\":\"https:\\\/\\\/magotarm.se\\\/goteborgs-lokalavdelning\\\/2021\\\/04\\\/screening-tjock-och-andtarmscancer-infors-vastra-gotaland\\\/#breadcrumb\",\"itemListElement\":[{\"@type\":\"ListItem\",\"position\":1,\"name\":\"Hem\",\"item\":\"https:\\\/\\\/magotarm.se\\\/goteborgs-lokalavdelning\\\/\"},{\"@type\":\"ListItem\",\"position\":2,\"name\":\"Screening f\u00f6r tjock- och \u00e4ndtarmscancer inf\u00f6rs i V\u00e4stra G\u00f6taland\"}]},{\"@type\":\"WebSite\",\"@id\":\"https:\\\/\\\/magotarm.se\\\/goteborgs-lokalavdelning\\\/#website\",\"url\":\"https:\\\/\\\/magotarm.se\\\/goteborgs-lokalavdelning\\\/\",\"name\":\"Mag- och tarmf\u00f6reningen i G\u00f6teborgsomr\u00e5det\",\"description\":\"En till Mag- och tarmf\u00f6rbundets Webbplatser webbplats\",\"potentialAction\":[{\"@type\":\"SearchAction\",\"target\":{\"@type\":\"EntryPoint\",\"urlTemplate\":\"https:\\\/\\\/magotarm.se\\\/goteborgs-lokalavdelning\\\/?s={search_term_string}\"},\"query-input\":{\"@type\":\"PropertyValueSpecification\",\"valueRequired\":true,\"valueName\":\"search_term_string\"}}],\"inLanguage\":\"sv-SE\"},{\"@type\":\"Person\",\"@id\":\"https:\\\/\\\/magotarm.se\\\/goteborgs-lokalavdelning\\\/#\\\/schema\\\/person\\\/a17dcb44c5cb7206892431853375461b\",\"name\":\"goteborg\",\"image\":{\"@type\":\"ImageObject\",\"inLanguage\":\"sv-SE\",\"@id\":\"https:\\\/\\\/secure.gravatar.com\\\/avatar\\\/a33d6a1331a5b3b61f5aea1938c4a69f00db6884079c156b8b8f03730f654679?s=96&d=mm&r=g\",\"url\":\"https:\\\/\\\/secure.gravatar.com\\\/avatar\\\/a33d6a1331a5b3b61f5aea1938c4a69f00db6884079c156b8b8f03730f654679?s=96&d=mm&r=g\",\"contentUrl\":\"https:\\\/\\\/secure.gravatar.com\\\/avatar\\\/a33d6a1331a5b3b61f5aea1938c4a69f00db6884079c156b8b8f03730f654679?s=96&d=mm&r=g\",\"caption\":\"goteborg\"},\"sameAs\":[\"https:\\\/\\\/www.instagram.com\\\/magochtarmforeningen_goteborg\\\/\"],\"url\":\"https:\\\/\\\/magotarm.se\\\/goteborgs-lokalavdelning\\\/author\\\/goteborg\\\/\"}]}<\/script>\n<!-- \/ Yoast SEO plugin. -->","yoast_head_json":{"title":"Screening f\u00f6r tjock- och \u00e4ndtarmscancer inf\u00f6rs i V\u00e4stra G\u00f6taland - Mag- och tarmf\u00f6reningen i G\u00f6teborgsomr\u00e5det","robots":{"index":"index","follow":"follow","max-snippet":"max-snippet:-1","max-image-preview":"max-image-preview:large","max-video-preview":"max-video-preview:-1"},"canonical":"https:\/\/magotarm.se\/goteborgs-lokalavdelning\/2021\/04\/screening-tjock-och-andtarmscancer-infors-vastra-gotaland\/","og_locale":"sv_SE","og_type":"article","og_title":"Screening f\u00f6r tjock- och \u00e4ndtarmscancer inf\u00f6rs i V\u00e4stra G\u00f6taland - Mag- och tarmf\u00f6reningen i G\u00f6teborgsomr\u00e5det","og_description":"Under 2021 kommer screening f\u00f6r tjock- och \u00e4ndtarmscancer b\u00f6rja inf\u00f6ras i V\u00e4stra G\u00f6taland. H\u00e4lso- och sjukv\u00e5rdsstyrelsen i V\u00e4stra G\u00f6talandsregionen ...","og_url":"https:\/\/magotarm.se\/goteborgs-lokalavdelning\/2021\/04\/screening-tjock-och-andtarmscancer-infors-vastra-gotaland\/","og_site_name":"Mag- och tarmf\u00f6reningen i G\u00f6teborgsomr\u00e5det","article_published_time":"2021-04-21T18:06:39+00:00","author":"goteborg","twitter_card":"summary_large_image","twitter_misc":{"Skriven av":"goteborg","Ber\u00e4knad l\u00e4stid":"1 minut"},"schema":{"@context":"https:\/\/schema.org","@graph":[{"@type":"Article","@id":"https:\/\/magotarm.se\/goteborgs-lokalavdelning\/2021\/04\/screening-tjock-och-andtarmscancer-infors-vastra-gotaland\/#article","isPartOf":{"@id":"https:\/\/magotarm.se\/goteborgs-lokalavdelning\/2021\/04\/screening-tjock-och-andtarmscancer-infors-vastra-gotaland\/"},"author":{"name":"goteborg","@id":"https:\/\/magotarm.se\/goteborgs-lokalavdelning\/#\/schema\/person\/a17dcb44c5cb7206892431853375461b"},"headline":"Screening f\u00f6r tjock- och \u00e4ndtarmscancer inf\u00f6rs i V\u00e4stra G\u00f6taland","datePublished":"2021-04-21T18:06:39+00:00","mainEntityOfPage":{"@id":"https:\/\/magotarm.se\/goteborgs-lokalavdelning\/2021\/04\/screening-tjock-och-andtarmscancer-infors-vastra-gotaland\/"},"wordCount":153,"commentCount":0,"inLanguage":"sv-SE","potentialAction":[{"@type":"CommentAction","name":"Comment","target":["https:\/\/magotarm.se\/goteborgs-lokalavdelning\/2021\/04\/screening-tjock-och-andtarmscancer-infors-vastra-gotaland\/#respond"]}]},{"@type":"WebPage","@id":"https:\/\/magotarm.se\/goteborgs-lokalavdelning\/2021\/04\/screening-tjock-och-andtarmscancer-infors-vastra-gotaland\/","url":"https:\/\/magotarm.se\/goteborgs-lokalavdelning\/2021\/04\/screening-tjock-och-andtarmscancer-infors-vastra-gotaland\/","name":"Screening f\u00f6r tjock- och \u00e4ndtarmscancer inf\u00f6rs i V\u00e4stra G\u00f6taland - Mag- och tarmf\u00f6reningen i G\u00f6teborgsomr\u00e5det","isPartOf":{"@id":"https:\/\/magotarm.se\/goteborgs-lokalavdelning\/#website"},"datePublished":"2021-04-21T18:06:39+00:00","author":{"@id":"https:\/\/magotarm.se\/goteborgs-lokalavdelning\/#\/schema\/person\/a17dcb44c5cb7206892431853375461b"},"breadcrumb":{"@id":"https:\/\/magotarm.se\/goteborgs-lokalavdelning\/2021\/04\/screening-tjock-och-andtarmscancer-infors-vastra-gotaland\/#breadcrumb"},"inLanguage":"sv-SE","potentialAction":[{"@type":"ReadAction","target":["https:\/\/magotarm.se\/goteborgs-lokalavdelning\/2021\/04\/screening-tjock-och-andtarmscancer-infors-vastra-gotaland\/"]}]},{"@type":"BreadcrumbList","@id":"https:\/\/magotarm.se\/goteborgs-lokalavdelning\/2021\/04\/screening-tjock-och-andtarmscancer-infors-vastra-gotaland\/#breadcrumb","itemListElement":[{"@type":"ListItem","position":1,"name":"Hem","item":"https:\/\/magotarm.se\/goteborgs-lokalavdelning\/"},{"@type":"ListItem","position":2,"name":"Screening f\u00f6r tjock- och \u00e4ndtarmscancer inf\u00f6rs i V\u00e4stra G\u00f6taland"}]},{"@type":"WebSite","@id":"https:\/\/magotarm.se\/goteborgs-lokalavdelning\/#website","url":"https:\/\/magotarm.se\/goteborgs-lokalavdelning\/","name":"Mag- och tarmf\u00f6reningen i G\u00f6teborgsomr\u00e5det","description":"En till Mag- och tarmf\u00f6rbundets Webbplatser webbplats","potentialAction":[{"@type":"SearchAction","target":{"@type":"EntryPoint","urlTemplate":"https:\/\/magotarm.se\/goteborgs-lokalavdelning\/?s={search_term_string}"},"query-input":{"@type":"PropertyValueSpecification","valueRequired":true,"valueName":"search_term_string"}}],"inLanguage":"sv-SE"},{"@type":"Person","@id":"https:\/\/magotarm.se\/goteborgs-lokalavdelning\/#\/schema\/person\/a17dcb44c5cb7206892431853375461b","name":"goteborg","image":{"@type":"ImageObject","inLanguage":"sv-SE","@id":"https:\/\/secure.gravatar.com\/avatar\/a33d6a1331a5b3b61f5aea1938c4a69f00db6884079c156b8b8f03730f654679?s=96&d=mm&r=g","url":"https:\/\/secure.gravatar.com\/avatar\/a33d6a1331a5b3b61f5aea1938c4a69f00db6884079c156b8b8f03730f654679?s=96&d=mm&r=g","contentUrl":"https:\/\/secure.gravatar.com\/avatar\/a33d6a1331a5b3b61f5aea1938c4a69f00db6884079c156b8b8f03730f654679?s=96&d=mm&r=g","caption":"goteborg"},"sameAs":["https:\/\/www.instagram.com\/magochtarmforeningen_goteborg\/"],"url":"https:\/\/magotarm.se\/goteborgs-lokalavdelning\/author\/goteborg\/"}]}},"_links":{"self":[{"href":"https:\/\/magotarm.se\/goteborgs-lokalavdelning\/wp-json\/wp\/v2\/posts\/799","targetHints":{"allow":["GET"]}}],"collection":[{"href":"https:\/\/magotarm.se\/goteborgs-lokalavdelning\/wp-json\/wp\/v2\/posts"}],"about":[{"href":"https:\/\/magotarm.se\/goteborgs-lokalavdelning\/wp-json\/wp\/v2\/types\/post"}],"author":[{"embeddable":true,"href":"https:\/\/magotarm.se\/goteborgs-lokalavdelning\/wp-json\/wp\/v2\/users\/14"}],"replies":[{"embeddable":true,"href":"https:\/\/magotarm.se\/goteborgs-lokalavdelning\/wp-json\/wp\/v2\/comments?post=799"}],"version-history":[{"count":3,"href":"https:\/\/magotarm.se\/goteborgs-lokalavdelning\/wp-json\/wp\/v2\/posts\/799\/revisions"}],"predecessor-version":[{"id":802,"href":"https:\/\/magotarm.se\/goteborgs-lokalavdelning\/wp-json\/wp\/v2\/posts\/799\/revisions\/802"}],"wp:attachment":[{"href":"https:\/\/magotarm.se\/goteborgs-lokalavdelning\/wp-json\/wp\/v2\/media?parent=799"}],"wp:term":[{"taxonomy":"category","embeddable":true,"href":"https:\/\/magotarm.se\/goteborgs-lokalavdelning\/wp-json\/wp\/v2\/categories?post=799"},{"taxonomy":"post_tag","embeddable":true,"href":"https:\/\/magotarm.se\/goteborgs-lokalavdelning\/wp-json\/wp\/v2\/tags?post=799"}],"curies":[{"name":"wp","href":"https:\/\/api.w.org\/{rel}","templated":true}]}}