{"id":496,"date":"2026-04-21T12:17:39","date_gmt":"2026-04-21T10:17:39","guid":{"rendered":"https:\/\/magotarm.se\/fyrbodals-lokalavdelning\/?p=496"},"modified":"2026-04-21T12:21:01","modified_gmt":"2026-04-21T10:21:01","slug":"496","status":"publish","type":"post","link":"https:\/\/magotarm.se\/fyrbodals-lokalavdelning\/2026\/04\/496\/","title":{"rendered":"Mod, motg\u00e5ng och hopp!"},"content":{"rendered":"\n<p>En kv\u00e4ll i april h\u00f6lls f\u00f6rel\u00e4sningen  Mod, motg\u00e5ng och hopp med Therese Albrechtsson. Det blev en v\u00e4rdefull kv\u00e4ll d\u00e4r vi fick ta del av Thereses resa och l\u00e4ra oss mer om psykisk h\u00e4lsa och hur vi kan ta sm\u00e5 steg till b\u00e4ttre m\u00e5ende. Hon pratade mycket om acceptans, tacksamhet och nudging.<\/p>\n\n\n\n<p><\/p>\n\n\n\n<figure class=\"wp-block-image size-large\"><a href=\"https:\/\/magotarm.se\/fyrbodals-lokalavdelning\/wp-content\/uploads\/sites\/6\/2026\/04\/Therese-Albrechtson-Fyrbodal-scaled.jpg\"><img loading=\"lazy\" decoding=\"async\" width=\"1024\" height=\"768\" src=\"https:\/\/magotarm.se\/fyrbodals-lokalavdelning\/wp-content\/uploads\/sites\/6\/2026\/04\/Therese-Albrechtson-Fyrbodal-1024x768.jpg\" alt=\"\" class=\"wp-image-498\" srcset=\"https:\/\/magotarm.se\/fyrbodals-lokalavdelning\/wp-content\/uploads\/sites\/6\/2026\/04\/Therese-Albrechtson-Fyrbodal-1024x768.jpg 1024w, https:\/\/magotarm.se\/fyrbodals-lokalavdelning\/wp-content\/uploads\/sites\/6\/2026\/04\/Therese-Albrechtson-Fyrbodal-300x225.jpg 300w, https:\/\/magotarm.se\/fyrbodals-lokalavdelning\/wp-content\/uploads\/sites\/6\/2026\/04\/Therese-Albrechtson-Fyrbodal-768x576.jpg 768w, https:\/\/magotarm.se\/fyrbodals-lokalavdelning\/wp-content\/uploads\/sites\/6\/2026\/04\/Therese-Albrechtson-Fyrbodal-1536x1152.jpg 1536w, https:\/\/magotarm.se\/fyrbodals-lokalavdelning\/wp-content\/uploads\/sites\/6\/2026\/04\/Therese-Albrechtson-Fyrbodal-2048x1536.jpg 2048w\" sizes=\"auto, (max-width: 1024px) 100vw, 1024px\" \/><\/a><\/figure>\n","protected":false},"excerpt":{"rendered":"<p>En kv\u00e4ll i april h\u00f6lls f\u00f6rel\u00e4sningen Mod, motg\u00e5ng och hopp med Therese Albrechtsson. Det blev en v\u00e4rdefull kv\u00e4ll d\u00e4r &#8230;<\/p>\n","protected":false},"author":36,"featured_media":497,"comment_status":"open","ping_status":"open","sticky":false,"template":"","format":"standard","meta":{"_acf_changed":false,"footnotes":"","_links_to":"","_links_to_target":""},"categories":[1],"tags":[],"class_list":["post-496","post","type-post","status-publish","format-standard","has-post-thumbnail","hentry","category-okategoriserade","wp-sticky"],"acf":[],"yoast_head":"<!-- This site is optimized with the Yoast SEO plugin v27.5 - https:\/\/yoast.com\/product\/yoast-seo-wordpress\/ -->\n<title>Mod, motg\u00e5ng och hopp! - Mag- och tarmf\u00f6reningen i Fyrbodal<\/title>\n<meta name=\"robots\" content=\"index, follow, max-snippet:-1, max-image-preview:large, max-video-preview:-1\" \/>\n<link rel=\"canonical\" href=\"https:\/\/magotarm.se\/fyrbodals-lokalavdelning\/2026\/04\/496\/\" \/>\n<meta property=\"og:locale\" content=\"sv_SE\" \/>\n<meta property=\"og:type\" content=\"article\" \/>\n<meta property=\"og:title\" content=\"Mod, motg\u00e5ng och hopp! - Mag- och tarmf\u00f6reningen i Fyrbodal\" \/>\n<meta property=\"og:description\" content=\"En kv\u00e4ll i april h\u00f6lls f\u00f6rel\u00e4sningen Mod, motg\u00e5ng och hopp med Therese Albrechtsson. Det blev en v\u00e4rdefull kv\u00e4ll d\u00e4r ...\" \/>\n<meta property=\"og:url\" content=\"https:\/\/magotarm.se\/fyrbodals-lokalavdelning\/2026\/04\/496\/\" \/>\n<meta property=\"og:site_name\" content=\"Mag- och tarmf\u00f6reningen i Fyrbodal\" \/>\n<meta property=\"article:published_time\" content=\"2026-04-21T10:17:39+00:00\" \/>\n<meta property=\"article:modified_time\" content=\"2026-04-21T10:21:01+00:00\" \/>\n<meta property=\"og:image\" content=\"https:\/\/magotarm.se\/fyrbodals-lokalavdelning\/wp-content\/uploads\/sites\/6\/2026\/04\/Fyrbodal-scaled.jpg\" \/>\n\t<meta property=\"og:image:width\" content=\"2560\" \/>\n\t<meta property=\"og:image:height\" content=\"1920\" \/>\n\t<meta property=\"og:image:type\" content=\"image\/jpeg\" \/>\n<meta name=\"author\" content=\"kanslietadmin\" \/>\n<meta name=\"twitter:card\" content=\"summary_large_image\" \/>\n<meta name=\"twitter:label1\" content=\"Skriven av\" \/>\n\t<meta name=\"twitter:data1\" content=\"kanslietadmin\" \/>\n\t<meta name=\"twitter:label2\" content=\"Ber\u00e4knad l\u00e4stid\" \/>\n\t<meta name=\"twitter:data2\" content=\"1 minut\" \/>\n<script type=\"application\/ld+json\" class=\"yoast-schema-graph\">{\"@context\":\"https:\\\/\\\/schema.org\",\"@graph\":[{\"@type\":\"Article\",\"@id\":\"https:\\\/\\\/magotarm.se\\\/fyrbodals-lokalavdelning\\\/2026\\\/04\\\/496\\\/#article\",\"isPartOf\":{\"@id\":\"https:\\\/\\\/magotarm.se\\\/fyrbodals-lokalavdelning\\\/2026\\\/04\\\/496\\\/\"},\"author\":{\"name\":\"kanslietadmin\",\"@id\":\"https:\\\/\\\/magotarm.se\\\/fyrbodals-lokalavdelning\\\/#\\\/schema\\\/person\\\/0685455c3045dfa3b87f93cdd574b519\"},\"headline\":\"Mod, motg\u00e5ng och hopp!\",\"datePublished\":\"2026-04-21T10:17:39+00:00\",\"dateModified\":\"2026-04-21T10:21:01+00:00\",\"mainEntityOfPage\":{\"@id\":\"https:\\\/\\\/magotarm.se\\\/fyrbodals-lokalavdelning\\\/2026\\\/04\\\/496\\\/\"},\"wordCount\":68,\"commentCount\":0,\"image\":{\"@id\":\"https:\\\/\\\/magotarm.se\\\/fyrbodals-lokalavdelning\\\/2026\\\/04\\\/496\\\/#primaryimage\"},\"thumbnailUrl\":\"https:\\\/\\\/magotarm.se\\\/fyrbodals-lokalavdelning\\\/wp-content\\\/uploads\\\/sites\\\/6\\\/2026\\\/04\\\/Fyrbodal-scaled.jpg\",\"inLanguage\":\"sv-SE\",\"potentialAction\":[{\"@type\":\"CommentAction\",\"name\":\"Comment\",\"target\":[\"https:\\\/\\\/magotarm.se\\\/fyrbodals-lokalavdelning\\\/2026\\\/04\\\/496\\\/#respond\"]}]},{\"@type\":\"WebPage\",\"@id\":\"https:\\\/\\\/magotarm.se\\\/fyrbodals-lokalavdelning\\\/2026\\\/04\\\/496\\\/\",\"url\":\"https:\\\/\\\/magotarm.se\\\/fyrbodals-lokalavdelning\\\/2026\\\/04\\\/496\\\/\",\"name\":\"Mod, motg\u00e5ng och hopp! - Mag- och tarmf\u00f6reningen i Fyrbodal\",\"isPartOf\":{\"@id\":\"https:\\\/\\\/magotarm.se\\\/fyrbodals-lokalavdelning\\\/#website\"},\"primaryImageOfPage\":{\"@id\":\"https:\\\/\\\/magotarm.se\\\/fyrbodals-lokalavdelning\\\/2026\\\/04\\\/496\\\/#primaryimage\"},\"image\":{\"@id\":\"https:\\\/\\\/magotarm.se\\\/fyrbodals-lokalavdelning\\\/2026\\\/04\\\/496\\\/#primaryimage\"},\"thumbnailUrl\":\"https:\\\/\\\/magotarm.se\\\/fyrbodals-lokalavdelning\\\/wp-content\\\/uploads\\\/sites\\\/6\\\/2026\\\/04\\\/Fyrbodal-scaled.jpg\",\"datePublished\":\"2026-04-21T10:17:39+00:00\",\"dateModified\":\"2026-04-21T10:21:01+00:00\",\"author\":{\"@id\":\"https:\\\/\\\/magotarm.se\\\/fyrbodals-lokalavdelning\\\/#\\\/schema\\\/person\\\/0685455c3045dfa3b87f93cdd574b519\"},\"breadcrumb\":{\"@id\":\"https:\\\/\\\/magotarm.se\\\/fyrbodals-lokalavdelning\\\/2026\\\/04\\\/496\\\/#breadcrumb\"},\"inLanguage\":\"sv-SE\",\"potentialAction\":[{\"@type\":\"ReadAction\",\"target\":[\"https:\\\/\\\/magotarm.se\\\/fyrbodals-lokalavdelning\\\/2026\\\/04\\\/496\\\/\"]}]},{\"@type\":\"ImageObject\",\"inLanguage\":\"sv-SE\",\"@id\":\"https:\\\/\\\/magotarm.se\\\/fyrbodals-lokalavdelning\\\/2026\\\/04\\\/496\\\/#primaryimage\",\"url\":\"https:\\\/\\\/magotarm.se\\\/fyrbodals-lokalavdelning\\\/wp-content\\\/uploads\\\/sites\\\/6\\\/2026\\\/04\\\/Fyrbodal-scaled.jpg\",\"contentUrl\":\"https:\\\/\\\/magotarm.se\\\/fyrbodals-lokalavdelning\\\/wp-content\\\/uploads\\\/sites\\\/6\\\/2026\\\/04\\\/Fyrbodal-scaled.jpg\",\"width\":2560,\"height\":1920},{\"@type\":\"BreadcrumbList\",\"@id\":\"https:\\\/\\\/magotarm.se\\\/fyrbodals-lokalavdelning\\\/2026\\\/04\\\/496\\\/#breadcrumb\",\"itemListElement\":[{\"@type\":\"ListItem\",\"position\":1,\"name\":\"Hem\",\"item\":\"https:\\\/\\\/magotarm.se\\\/fyrbodals-lokalavdelning\\\/\"},{\"@type\":\"ListItem\",\"position\":2,\"name\":\"Mod, motg\u00e5ng och hopp!\"}]},{\"@type\":\"WebSite\",\"@id\":\"https:\\\/\\\/magotarm.se\\\/fyrbodals-lokalavdelning\\\/#website\",\"url\":\"https:\\\/\\\/magotarm.se\\\/fyrbodals-lokalavdelning\\\/\",\"name\":\"Mag- och tarmf\u00f6reningen i Fyrbodal\",\"description\":\"En till Mag- och tarmf\u00f6rbundets Webbplatser webbplats\",\"potentialAction\":[{\"@type\":\"SearchAction\",\"target\":{\"@type\":\"EntryPoint\",\"urlTemplate\":\"https:\\\/\\\/magotarm.se\\\/fyrbodals-lokalavdelning\\\/?s={search_term_string}\"},\"query-input\":{\"@type\":\"PropertyValueSpecification\",\"valueRequired\":true,\"valueName\":\"search_term_string\"}}],\"inLanguage\":\"sv-SE\"},{\"@type\":\"Person\",\"@id\":\"https:\\\/\\\/magotarm.se\\\/fyrbodals-lokalavdelning\\\/#\\\/schema\\\/person\\\/0685455c3045dfa3b87f93cdd574b519\",\"name\":\"kanslietadmin\",\"image\":{\"@type\":\"ImageObject\",\"inLanguage\":\"sv-SE\",\"@id\":\"https:\\\/\\\/secure.gravatar.com\\\/avatar\\\/c253db44941fb4e52615e9fd047689b5389a7ce9531a32c90e0ae211fd770b53?s=96&d=mm&r=g\",\"url\":\"https:\\\/\\\/secure.gravatar.com\\\/avatar\\\/c253db44941fb4e52615e9fd047689b5389a7ce9531a32c90e0ae211fd770b53?s=96&d=mm&r=g\",\"contentUrl\":\"https:\\\/\\\/secure.gravatar.com\\\/avatar\\\/c253db44941fb4e52615e9fd047689b5389a7ce9531a32c90e0ae211fd770b53?s=96&d=mm&r=g\",\"caption\":\"kanslietadmin\"},\"url\":\"https:\\\/\\\/magotarm.se\\\/fyrbodals-lokalavdelning\\\/author\\\/kanslietadmin\\\/\"}]}<\/script>\n<!-- \/ Yoast SEO plugin. -->","yoast_head_json":{"title":"Mod, motg\u00e5ng och hopp! - Mag- och tarmf\u00f6reningen i Fyrbodal","robots":{"index":"index","follow":"follow","max-snippet":"max-snippet:-1","max-image-preview":"max-image-preview:large","max-video-preview":"max-video-preview:-1"},"canonical":"https:\/\/magotarm.se\/fyrbodals-lokalavdelning\/2026\/04\/496\/","og_locale":"sv_SE","og_type":"article","og_title":"Mod, motg\u00e5ng och hopp! - Mag- och tarmf\u00f6reningen i Fyrbodal","og_description":"En kv\u00e4ll i april h\u00f6lls f\u00f6rel\u00e4sningen Mod, motg\u00e5ng och hopp med Therese Albrechtsson. Det blev en v\u00e4rdefull kv\u00e4ll d\u00e4r ...","og_url":"https:\/\/magotarm.se\/fyrbodals-lokalavdelning\/2026\/04\/496\/","og_site_name":"Mag- och tarmf\u00f6reningen i Fyrbodal","article_published_time":"2026-04-21T10:17:39+00:00","article_modified_time":"2026-04-21T10:21:01+00:00","og_image":[{"width":2560,"height":1920,"url":"https:\/\/magotarm.se\/fyrbodals-lokalavdelning\/wp-content\/uploads\/sites\/6\/2026\/04\/Fyrbodal-scaled.jpg","type":"image\/jpeg"}],"author":"kanslietadmin","twitter_card":"summary_large_image","twitter_misc":{"Skriven av":"kanslietadmin","Ber\u00e4knad l\u00e4stid":"1 minut"},"schema":{"@context":"https:\/\/schema.org","@graph":[{"@type":"Article","@id":"https:\/\/magotarm.se\/fyrbodals-lokalavdelning\/2026\/04\/496\/#article","isPartOf":{"@id":"https:\/\/magotarm.se\/fyrbodals-lokalavdelning\/2026\/04\/496\/"},"author":{"name":"kanslietadmin","@id":"https:\/\/magotarm.se\/fyrbodals-lokalavdelning\/#\/schema\/person\/0685455c3045dfa3b87f93cdd574b519"},"headline":"Mod, motg\u00e5ng och hopp!","datePublished":"2026-04-21T10:17:39+00:00","dateModified":"2026-04-21T10:21:01+00:00","mainEntityOfPage":{"@id":"https:\/\/magotarm.se\/fyrbodals-lokalavdelning\/2026\/04\/496\/"},"wordCount":68,"commentCount":0,"image":{"@id":"https:\/\/magotarm.se\/fyrbodals-lokalavdelning\/2026\/04\/496\/#primaryimage"},"thumbnailUrl":"https:\/\/magotarm.se\/fyrbodals-lokalavdelning\/wp-content\/uploads\/sites\/6\/2026\/04\/Fyrbodal-scaled.jpg","inLanguage":"sv-SE","potentialAction":[{"@type":"CommentAction","name":"Comment","target":["https:\/\/magotarm.se\/fyrbodals-lokalavdelning\/2026\/04\/496\/#respond"]}]},{"@type":"WebPage","@id":"https:\/\/magotarm.se\/fyrbodals-lokalavdelning\/2026\/04\/496\/","url":"https:\/\/magotarm.se\/fyrbodals-lokalavdelning\/2026\/04\/496\/","name":"Mod, motg\u00e5ng och hopp! - Mag- och tarmf\u00f6reningen i Fyrbodal","isPartOf":{"@id":"https:\/\/magotarm.se\/fyrbodals-lokalavdelning\/#website"},"primaryImageOfPage":{"@id":"https:\/\/magotarm.se\/fyrbodals-lokalavdelning\/2026\/04\/496\/#primaryimage"},"image":{"@id":"https:\/\/magotarm.se\/fyrbodals-lokalavdelning\/2026\/04\/496\/#primaryimage"},"thumbnailUrl":"https:\/\/magotarm.se\/fyrbodals-lokalavdelning\/wp-content\/uploads\/sites\/6\/2026\/04\/Fyrbodal-scaled.jpg","datePublished":"2026-04-21T10:17:39+00:00","dateModified":"2026-04-21T10:21:01+00:00","author":{"@id":"https:\/\/magotarm.se\/fyrbodals-lokalavdelning\/#\/schema\/person\/0685455c3045dfa3b87f93cdd574b519"},"breadcrumb":{"@id":"https:\/\/magotarm.se\/fyrbodals-lokalavdelning\/2026\/04\/496\/#breadcrumb"},"inLanguage":"sv-SE","potentialAction":[{"@type":"ReadAction","target":["https:\/\/magotarm.se\/fyrbodals-lokalavdelning\/2026\/04\/496\/"]}]},{"@type":"ImageObject","inLanguage":"sv-SE","@id":"https:\/\/magotarm.se\/fyrbodals-lokalavdelning\/2026\/04\/496\/#primaryimage","url":"https:\/\/magotarm.se\/fyrbodals-lokalavdelning\/wp-content\/uploads\/sites\/6\/2026\/04\/Fyrbodal-scaled.jpg","contentUrl":"https:\/\/magotarm.se\/fyrbodals-lokalavdelning\/wp-content\/uploads\/sites\/6\/2026\/04\/Fyrbodal-scaled.jpg","width":2560,"height":1920},{"@type":"BreadcrumbList","@id":"https:\/\/magotarm.se\/fyrbodals-lokalavdelning\/2026\/04\/496\/#breadcrumb","itemListElement":[{"@type":"ListItem","position":1,"name":"Hem","item":"https:\/\/magotarm.se\/fyrbodals-lokalavdelning\/"},{"@type":"ListItem","position":2,"name":"Mod, motg\u00e5ng och hopp!"}]},{"@type":"WebSite","@id":"https:\/\/magotarm.se\/fyrbodals-lokalavdelning\/#website","url":"https:\/\/magotarm.se\/fyrbodals-lokalavdelning\/","name":"Mag- och tarmf\u00f6reningen i Fyrbodal","description":"En till Mag- och tarmf\u00f6rbundets Webbplatser webbplats","potentialAction":[{"@type":"SearchAction","target":{"@type":"EntryPoint","urlTemplate":"https:\/\/magotarm.se\/fyrbodals-lokalavdelning\/?s={search_term_string}"},"query-input":{"@type":"PropertyValueSpecification","valueRequired":true,"valueName":"search_term_string"}}],"inLanguage":"sv-SE"},{"@type":"Person","@id":"https:\/\/magotarm.se\/fyrbodals-lokalavdelning\/#\/schema\/person\/0685455c3045dfa3b87f93cdd574b519","name":"kanslietadmin","image":{"@type":"ImageObject","inLanguage":"sv-SE","@id":"https:\/\/secure.gravatar.com\/avatar\/c253db44941fb4e52615e9fd047689b5389a7ce9531a32c90e0ae211fd770b53?s=96&d=mm&r=g","url":"https:\/\/secure.gravatar.com\/avatar\/c253db44941fb4e52615e9fd047689b5389a7ce9531a32c90e0ae211fd770b53?s=96&d=mm&r=g","contentUrl":"https:\/\/secure.gravatar.com\/avatar\/c253db44941fb4e52615e9fd047689b5389a7ce9531a32c90e0ae211fd770b53?s=96&d=mm&r=g","caption":"kanslietadmin"},"url":"https:\/\/magotarm.se\/fyrbodals-lokalavdelning\/author\/kanslietadmin\/"}]}},"_links":{"self":[{"href":"https:\/\/magotarm.se\/fyrbodals-lokalavdelning\/wp-json\/wp\/v2\/posts\/496","targetHints":{"allow":["GET"]}}],"collection":[{"href":"https:\/\/magotarm.se\/fyrbodals-lokalavdelning\/wp-json\/wp\/v2\/posts"}],"about":[{"href":"https:\/\/magotarm.se\/fyrbodals-lokalavdelning\/wp-json\/wp\/v2\/types\/post"}],"author":[{"embeddable":true,"href":"https:\/\/magotarm.se\/fyrbodals-lokalavdelning\/wp-json\/wp\/v2\/users\/36"}],"replies":[{"embeddable":true,"href":"https:\/\/magotarm.se\/fyrbodals-lokalavdelning\/wp-json\/wp\/v2\/comments?post=496"}],"version-history":[{"count":4,"href":"https:\/\/magotarm.se\/fyrbodals-lokalavdelning\/wp-json\/wp\/v2\/posts\/496\/revisions"}],"predecessor-version":[{"id":503,"href":"https:\/\/magotarm.se\/fyrbodals-lokalavdelning\/wp-json\/wp\/v2\/posts\/496\/revisions\/503"}],"wp:featuredmedia":[{"embeddable":true,"href":"https:\/\/magotarm.se\/fyrbodals-lokalavdelning\/wp-json\/wp\/v2\/media\/497"}],"wp:attachment":[{"href":"https:\/\/magotarm.se\/fyrbodals-lokalavdelning\/wp-json\/wp\/v2\/media?parent=496"}],"wp:term":[{"taxonomy":"category","embeddable":true,"href":"https:\/\/magotarm.se\/fyrbodals-lokalavdelning\/wp-json\/wp\/v2\/categories?post=496"},{"taxonomy":"post_tag","embeddable":true,"href":"https:\/\/magotarm.se\/fyrbodals-lokalavdelning\/wp-json\/wp\/v2\/tags?post=496"}],"curies":[{"name":"wp","href":"https:\/\/api.w.org\/{rel}","templated":true}]}}